{"id":6239,"date":"2018-07-01T02:05:48","date_gmt":"2018-07-01T01:05:48","guid":{"rendered":"http:\/\/livre-europeen.eu\/?p=6239"},"modified":"2019-02-17T16:06:34","modified_gmt":"2019-02-17T15:06:34","slug":"seiobo","status":"publish","type":"post","link":"http:\/\/livre-europeen.eu\/?p=6239","title":{"rendered":"Seiobo"},"content":{"rendered":"<div class=\"block -medium main\">\n<div class=\"inner\">\n<div class=\"tabs -js-tabs\">\n<table class=\" aligncenter\" style=\"width: 1080px; border-style: none;\">\n<tbody>\n<tr>\n<td style=\"border-style: hidden; text-align: center; vertical-align: top; width: 262px;\">\n<h3>Pr\u00e9-s\u00e9lection 2018<\/h3>\n<h4>cat\u00e9gorie : Roman<br \/>\npays : Hongrie<\/h4>\n<p><strong><img loading=\"lazy\" decoding=\"async\" class=\"alignnone wp-image-6240 size-full\" src=\"http:\/\/livre-europeen.eu\/wp-content\/uploads\/2018\/07\/SEIOBO-Laszlo-Krasznahorkai.jpg\" alt=\"\" width=\"319\" height=\"500\" srcset=\"http:\/\/livre-europeen.eu\/wp-content\/uploads\/2018\/07\/SEIOBO-Laszlo-Krasznahorkai.jpg 319w, http:\/\/livre-europeen.eu\/wp-content\/uploads\/2018\/07\/SEIOBO-Laszlo-Krasznahorkai-191x300.jpg 191w\" sizes=\"(max-width: 319px) 100vw, 319px\" \/><\/strong><\/p>\n<p>&nbsp;<\/td>\n<td style=\"border-style: hidden; vertical-align: top; width: 786px;\">\n<h1>Seiobo<\/h1>\n<h2>Laszlo Krasznahorkai<\/h2>\n<hr \/>\n<ul>\n<li><strong>Parution : <\/strong>14 mars 2018<\/li>\n<li><strong>Editeur : <\/strong>Cambourakis<\/li>\n<li><strong>Pages : <\/strong>410<\/li>\n<\/ul>\n<hr \/>\n<span class=\"su-dropcap su-dropcap-style-flat\" style=\"font-size:1.5em\">P<\/span>aru en Hongrie en 2008, \u00ab Seiobo \u00bb est l&rsquo;avant-dernier roman en date de L\u00e1szl\u00f3 Krasznahorkai, compos\u00e9 de 17 chapitres qui sont autant de variations et de r\u00e9flexions sur l&rsquo;art, la cr\u00e9ation, la qu\u00eate de la beaut\u00e9 et du sacr\u00e9. L&rsquo;auteur nous entraine dans un long voyage \u00e0 travers les \u00e9poques et les lieux, avec le souci constant d&rsquo;\u00e9tudier la mani\u00e8re dont les hommes parviennent \u00e0 trouver une place dans le monde par la cr\u00e9ation ou la contemplation d\u2019\u0153uvres d&rsquo;art. D\u00e9ployant une nouvelle fois sa prose au rythme si particulier, Krasznahorkai impressionne et touche dans cette \u0153uvre o\u00f9 il interroge \u00e0 la fois le r\u00f4le des artistes, des spectateurs et l&rsquo;\u00e9motion que peuvent susciter les \u0153uvres d&rsquo;art sur tous les \u00eatres humains, qu&rsquo;il s&rsquo;agisse d&rsquo;un modeste paysan hongrois ou d&rsquo;un conservateur fran\u00e7ais r\u00e9solument urbain.<\/td>\n<\/tr>\n<\/tbody>\n<\/table>\n<\/div>\n<\/div>\n<\/div>\n","protected":false},"excerpt":{"rendered":"<h4>2018, Pr\u00e9-s\u00e9lection, Roman, Hongrie<\/h4>\n<h1><span style=\"font-weight: 200;\">Seiobo<\/span><\/h1>\n<h2><span style=\"font-weight: 200;\">Laszlo Krasznahorkai<\/span><\/p>\n<h2>\n","protected":false},"author":1,"featured_media":6240,"comment_status":"closed","ping_status":"closed","sticky":false,"template":"","format":"standard","meta":{"footnotes":""},"categories":[313],"tags":[363],"genre":[459],"annees":[461],"wps_subtitle":"","_links":{"self":[{"href":"http:\/\/livre-europeen.eu\/index.php?rest_route=\/wp\/v2\/posts\/6239"}],"collection":[{"href":"http:\/\/livre-europeen.eu\/index.php?rest_route=\/wp\/v2\/posts"}],"about":[{"href":"http:\/\/livre-europeen.eu\/index.php?rest_route=\/wp\/v2\/types\/post"}],"author":[{"embeddable":true,"href":"http:\/\/livre-europeen.eu\/index.php?rest_route=\/wp\/v2\/users\/1"}],"replies":[{"embeddable":true,"href":"http:\/\/livre-europeen.eu\/index.php?rest_route=%2Fwp%2Fv2%2Fcomments&post=6239"}],"version-history":[{"count":6,"href":"http:\/\/livre-europeen.eu\/index.php?rest_route=\/wp\/v2\/posts\/6239\/revisions"}],"predecessor-version":[{"id":10671,"href":"http:\/\/livre-europeen.eu\/index.php?rest_route=\/wp\/v2\/posts\/6239\/revisions\/10671"}],"wp:featuredmedia":[{"embeddable":true,"href":"http:\/\/livre-europeen.eu\/index.php?rest_route=\/wp\/v2\/media\/6240"}],"wp:attachment":[{"href":"http:\/\/livre-europeen.eu\/index.php?rest_route=%2Fwp%2Fv2%2Fmedia&parent=6239"}],"wp:term":[{"taxonomy":"category","embeddable":true,"href":"http:\/\/livre-europeen.eu\/index.php?rest_route=%2Fwp%2Fv2%2Fcategories&post=6239"},{"taxonomy":"post_tag","embeddable":true,"href":"http:\/\/livre-europeen.eu\/index.php?rest_route=%2Fwp%2Fv2%2Ftags&post=6239"},{"taxonomy":"genre","embeddable":true,"href":"http:\/\/livre-europeen.eu\/index.php?rest_route=%2Fwp%2Fv2%2Fgenre&post=6239"},{"taxonomy":"annees","embeddable":true,"href":"http:\/\/livre-europeen.eu\/index.php?rest_route=%2Fwp%2Fv2%2Fannees&post=6239"}],"curies":[{"name":"wp","href":"https:\/\/api.w.org\/{rel}","templated":true}]}}