{"id":6200,"date":"2018-06-29T17:40:28","date_gmt":"2018-06-29T16:40:28","guid":{"rendered":"http:\/\/livre-europeen.eu\/?p=6200"},"modified":"2019-02-17T16:54:43","modified_gmt":"2019-02-17T15:54:43","slug":"madame-palysinska-et-le-secret-de-chopin","status":"publish","type":"post","link":"http:\/\/livre-europeen.eu\/?p=6200","title":{"rendered":"Madame Pylinska et le secret de Chopin"},"content":{"rendered":"<div class=\"block -medium main\">\n<div class=\"inner\">\n<div class=\"tabs -js-tabs\">\n<table class=\" aligncenter\" style=\"width: 1080px; border-style: none;\">\n<tbody>\n<tr>\n<td style=\"border-style: hidden; text-align: center; vertical-align: top; width: 262px;\">\n<h3>S\u00e9lection officielle 2018<\/h3>\n<h4>cat\u00e9gorie : Roman<br \/>\npays : Belgique<\/h4>\n<p><strong><img loading=\"lazy\" decoding=\"async\" class=\"book-border alignnone wp-image-6201 size-full\" src=\"http:\/\/livre-europeen.eu\/wp-content\/uploads\/2018\/06\/MADAME-PYLINSKA-ET-LE-SECRET-DE-CHOPIN.jpg\" alt=\"\" width=\"321\" height=\"500\" srcset=\"http:\/\/livre-europeen.eu\/wp-content\/uploads\/2018\/06\/MADAME-PYLINSKA-ET-LE-SECRET-DE-CHOPIN.jpg 321w, http:\/\/livre-europeen.eu\/wp-content\/uploads\/2018\/06\/MADAME-PYLINSKA-ET-LE-SECRET-DE-CHOPIN-193x300.jpg 193w\" sizes=\"(max-width: 321px) 100vw, 321px\" \/><\/strong><\/p>\n<p>&nbsp;<\/td>\n<td style=\"border-style: hidden; vertical-align: top; width: 786px;\">\n<h1>Madame Pylinska et le secret de Chopin<\/h1>\n<h2>\u00c9ric-Emmanuel Schmitt<\/h2>\n<hr \/>\n<ul>\n<li><strong>Parution : <\/strong>28 mars 2018<\/li>\n<li><strong>Editeur : <\/strong>Albin Michel<\/li>\n<li><strong>Pages : <\/strong>126<\/li>\n<\/ul>\n<hr \/>\n<span class=\"su-dropcap su-dropcap-style-flat\" style=\"font-size:1.5em\">E<\/span>n suivant les cours de la tyrannique Madame Pylinska, le jeune \u00c9ric-Emmanuel cherche \u00e0 comprendre le myst\u00e8re de la musique de Chopin. La Polonaise a de surprenantes fa\u00e7ons d\u2019expliquer le g\u00e9nie du musicien et la le\u00e7on de piano devient peu \u00e0 peu apprentissage de la vie et de l\u2019amour. Dans le cadre de \u00ab\u00a0Le cycle de l\u2019invisible\u00a0\u00bb, un conte initiatique plein d\u2019\u00e9motion, d\u2019intelligence et d&rsquo;humour.<\/td>\n<\/tr>\n<\/tbody>\n<\/table>\n<\/div>\n<\/div>\n<\/div>\n","protected":false},"excerpt":{"rendered":"<br \/>\n<h4>2018, S\u00e9lection officielle, Roman, Belgique<\/h4>\n<h1><span style=\"font-weight: 200;\">Madame Pylinska et le secret de Chopin<\/span><\/h1>\n<h2><span style=\"font-weight: 200;\">\u00c9ric-Emmanuel Schmitt<\/span><\/p>\n<h2>\n","protected":false},"author":1,"featured_media":6201,"comment_status":"closed","ping_status":"closed","sticky":false,"template":"","format":"standard","meta":{"footnotes":""},"categories":[315],"tags":[273],"genre":[459],"annees":[461],"wps_subtitle":"","_links":{"self":[{"href":"http:\/\/livre-europeen.eu\/index.php?rest_route=\/wp\/v2\/posts\/6200"}],"collection":[{"href":"http:\/\/livre-europeen.eu\/index.php?rest_route=\/wp\/v2\/posts"}],"about":[{"href":"http:\/\/livre-europeen.eu\/index.php?rest_route=\/wp\/v2\/types\/post"}],"author":[{"embeddable":true,"href":"http:\/\/livre-europeen.eu\/index.php?rest_route=\/wp\/v2\/users\/1"}],"replies":[{"embeddable":true,"href":"http:\/\/livre-europeen.eu\/index.php?rest_route=%2Fwp%2Fv2%2Fcomments&post=6200"}],"version-history":[{"count":6,"href":"http:\/\/livre-europeen.eu\/index.php?rest_route=\/wp\/v2\/posts\/6200\/revisions"}],"predecessor-version":[{"id":6289,"href":"http:\/\/livre-europeen.eu\/index.php?rest_route=\/wp\/v2\/posts\/6200\/revisions\/6289"}],"wp:featuredmedia":[{"embeddable":true,"href":"http:\/\/livre-europeen.eu\/index.php?rest_route=\/wp\/v2\/media\/6201"}],"wp:attachment":[{"href":"http:\/\/livre-europeen.eu\/index.php?rest_route=%2Fwp%2Fv2%2Fmedia&parent=6200"}],"wp:term":[{"taxonomy":"category","embeddable":true,"href":"http:\/\/livre-europeen.eu\/index.php?rest_route=%2Fwp%2Fv2%2Fcategories&post=6200"},{"taxonomy":"post_tag","embeddable":true,"href":"http:\/\/livre-europeen.eu\/index.php?rest_route=%2Fwp%2Fv2%2Ftags&post=6200"},{"taxonomy":"genre","embeddable":true,"href":"http:\/\/livre-europeen.eu\/index.php?rest_route=%2Fwp%2Fv2%2Fgenre&post=6200"},{"taxonomy":"annees","embeddable":true,"href":"http:\/\/livre-europeen.eu\/index.php?rest_route=%2Fwp%2Fv2%2Fannees&post=6200"}],"curies":[{"name":"wp","href":"https:\/\/api.w.org\/{rel}","templated":true}]}}