{"id":6175,"date":"2018-06-29T17:00:44","date_gmt":"2018-06-29T16:00:44","guid":{"rendered":"http:\/\/livre-europeen.eu\/?p=6175"},"modified":"2019-02-17T17:30:44","modified_gmt":"2019-02-17T16:30:44","slug":"max-et-la-grande-illusion","status":"publish","type":"post","link":"http:\/\/livre-europeen.eu\/?p=6175","title":{"rendered":"Max et la grande illusion"},"content":{"rendered":"<div class=\"block -medium main\">\n<div class=\"inner\">\n<div class=\"tabs -js-tabs\">\n<table class=\" aligncenter\" style=\"width: 1080px; border-style: none;\">\n<tbody>\n<tr>\n<td style=\"border-style: hidden; text-align: center; vertical-align: top; width: 262px;\">\n<h3>Pr\u00e9-s\u00e9lection 2018<\/h3>\n<h4>cat\u00e9gorie : Roman<br \/>\npays : Allemagne<\/h4>\n<p><strong><img loading=\"lazy\" decoding=\"async\" class=\"alignnone wp-image-6176 size-full\" src=\"http:\/\/livre-europeen.eu\/wp-content\/uploads\/2018\/06\/maxetlagrandeillusion.jpg\" alt=\"\" width=\"311\" height=\"500\" srcset=\"http:\/\/livre-europeen.eu\/wp-content\/uploads\/2018\/06\/maxetlagrandeillusion.jpg 311w, http:\/\/livre-europeen.eu\/wp-content\/uploads\/2018\/06\/maxetlagrandeillusion-187x300.jpg 187w\" sizes=\"(max-width: 311px) 100vw, 311px\" \/><\/strong><\/p>\n<p>&nbsp;<\/td>\n<td style=\"border-style: hidden; vertical-align: top; width: 786px;\">\n<h1>Max et la grande illusion<\/h1>\n<h2>Emmanuel Bergmann<\/h2>\n<hr \/>\n<ul>\n<li><strong>Parution : <\/strong>7 septembre 2017<\/li>\n<li><strong>Editeur : <\/strong>Belfond<\/li>\n<li><strong>Pages : <\/strong>339<\/li>\n<\/ul>\n<hr \/>\n<span class=\"su-dropcap su-dropcap-style-flat\" style=\"font-size:1.5em\">D<\/span>u haut de ses 10 ans, Max n\u2019a qu\u2019une crainte : que ses parents divorcent. Il faudrait un miracle. Un truc. Un tour de magie. Et c\u2019est pr\u00e9cis\u00e9ment ce que lui promet un vieux vinyle ray\u00e9, retrouv\u00e9 sous une pile : \u00ab Le sortil\u00e8ge de l\u2019amour \u00e9ternel \u00bb, par le Grand Zabbatini, illusionniste jadis c\u00e9l\u00e8bre, d\u00e9sormais oubli\u00e9 de tous dans un hospice de Los Ageles. Un vieillard aigri qui fut tour \u00e0 tour fils de rabbin \u00e0 Prague, mentaliste en Allemagne, coqueluche d\u2019Hitler et rescap\u00e9 des camps\u2026 Il faudra tout le culot d\u2019un petit gar\u00e7on pour le faire, \u00e0 nouveau, croire \u00e0 l\u2019impossible.<\/td>\n<\/tr>\n<\/tbody>\n<\/table>\n<\/div>\n<\/div>\n<\/div>\n","protected":false},"excerpt":{"rendered":"<br \/>\n<h4>2018, Pr\u00e9-s\u00e9lection, Roman, Allemagne<\/h4>\n<h1><span style=\"font-weight: 200;\">Max et la grande illusion<\/span><\/h1>\n<h2><span style=\"font-weight: 200;\">Emmanuel Bergmann<\/span><\/p>\n<h2>\n","protected":false},"author":1,"featured_media":6176,"comment_status":"closed","ping_status":"closed","sticky":false,"template":"","format":"standard","meta":{"footnotes":""},"categories":[313],"tags":[330],"genre":[459],"annees":[461],"wps_subtitle":"","_links":{"self":[{"href":"http:\/\/livre-europeen.eu\/index.php?rest_route=\/wp\/v2\/posts\/6175"}],"collection":[{"href":"http:\/\/livre-europeen.eu\/index.php?rest_route=\/wp\/v2\/posts"}],"about":[{"href":"http:\/\/livre-europeen.eu\/index.php?rest_route=\/wp\/v2\/types\/post"}],"author":[{"embeddable":true,"href":"http:\/\/livre-europeen.eu\/index.php?rest_route=\/wp\/v2\/users\/1"}],"replies":[{"embeddable":true,"href":"http:\/\/livre-europeen.eu\/index.php?rest_route=%2Fwp%2Fv2%2Fcomments&post=6175"}],"version-history":[{"count":4,"href":"http:\/\/livre-europeen.eu\/index.php?rest_route=\/wp\/v2\/posts\/6175\/revisions"}],"predecessor-version":[{"id":9686,"href":"http:\/\/livre-europeen.eu\/index.php?rest_route=\/wp\/v2\/posts\/6175\/revisions\/9686"}],"wp:featuredmedia":[{"embeddable":true,"href":"http:\/\/livre-europeen.eu\/index.php?rest_route=\/wp\/v2\/media\/6176"}],"wp:attachment":[{"href":"http:\/\/livre-europeen.eu\/index.php?rest_route=%2Fwp%2Fv2%2Fmedia&parent=6175"}],"wp:term":[{"taxonomy":"category","embeddable":true,"href":"http:\/\/livre-europeen.eu\/index.php?rest_route=%2Fwp%2Fv2%2Fcategories&post=6175"},{"taxonomy":"post_tag","embeddable":true,"href":"http:\/\/livre-europeen.eu\/index.php?rest_route=%2Fwp%2Fv2%2Ftags&post=6175"},{"taxonomy":"genre","embeddable":true,"href":"http:\/\/livre-europeen.eu\/index.php?rest_route=%2Fwp%2Fv2%2Fgenre&post=6175"},{"taxonomy":"annees","embeddable":true,"href":"http:\/\/livre-europeen.eu\/index.php?rest_route=%2Fwp%2Fv2%2Fannees&post=6175"}],"curies":[{"name":"wp","href":"https:\/\/api.w.org\/{rel}","templated":true}]}}