{"id":6164,"date":"2018-06-29T16:48:22","date_gmt":"2018-06-29T15:48:22","guid":{"rendered":"http:\/\/livre-europeen.eu\/?p=6164"},"modified":"2019-04-04T08:21:57","modified_gmt":"2019-04-04T07:21:57","slug":"les-amnesiques","status":"publish","type":"post","link":"http:\/\/livre-europeen.eu\/?p=6164","title":{"rendered":"Les Amn\u00e9siques"},"content":{"rendered":"<div class=\"block -medium main\">\n<div class=\"inner\">\n<div class=\"tabs -js-tabs\">\n<table class=\" aligncenter\" style=\"width: 1080px; border-style: none;\">\n<tbody>\n<tr>\n<td style=\"border-style: hidden; text-align: center; vertical-align: top; width: 262px;\">\n<h3>12\u00e8me laur\u00e9at du prix du livre europ\u00e9en<\/h3>\n<h4>cat\u00e9gorie : Roman<br \/>\npays : France \/ Allemagne<\/h4>\n<p><strong><img loading=\"lazy\" decoding=\"async\" class=\"alignnone wp-image-6455 size-full\" src=\"http:\/\/livre-europeen.eu\/wp-content\/uploads\/2018\/06\/couverture-amne\u0301siques.jpg\" alt=\"\" width=\"300\" height=\"456\" srcset=\"http:\/\/livre-europeen.eu\/wp-content\/uploads\/2018\/06\/couverture-amne\u0301siques.jpg 300w, http:\/\/livre-europeen.eu\/wp-content\/uploads\/2018\/06\/couverture-amne\u0301siques-197x300.jpg 197w\" sizes=\"(max-width: 300px) 100vw, 300px\" \/><\/strong><\/p>\n<p><strong><a href=\"http:\/\/livre-europeen.eu\/wp-content\/uploads\/2018\/06\/Geraldine-Schwarz-copie.jpg\"><img loading=\"lazy\" decoding=\"async\" class=\"aligncenter wp-image-6336 size-thumbnail\" src=\"http:\/\/livre-europeen.eu\/wp-content\/uploads\/2018\/06\/Geraldine-Schwarz-copie-150x150.jpg\" alt=\"Geraldine-Schwarz copie\" width=\"150\" height=\"150\" srcset=\"http:\/\/livre-europeen.eu\/wp-content\/uploads\/2018\/06\/Geraldine-Schwarz-copie-150x150.jpg 150w, http:\/\/livre-europeen.eu\/wp-content\/uploads\/2018\/06\/Geraldine-Schwarz-copie.jpg 200w\" sizes=\"(max-width: 150px) 100vw, 150px\" \/><\/a><\/strong><\/td>\n<td style=\"border-style: hidden; vertical-align: top; width: 786px;\">\n<h1>Les Amn\u00e9siques<\/h1>\n<h2>G\u00e9raldine Schwarz<\/h2>\n<hr \/>\n<ul>\n<li><strong>Parution : <\/strong>20 septembre 2017<\/li>\n<li><strong>Editeur : <\/strong>Flammarion<\/li>\n<li><strong>Pages : <\/strong>344<\/li>\n<\/ul>\n<hr \/>\n<span class=\"su-dropcap su-dropcap-style-flat\" style=\"font-size:1.5em\">D<\/span>ans la ville allemande de Mannheim, d&rsquo;o\u00f9 est originaire son p\u00e8re, G\u00e9raldine Schwarz d\u00e9couvre que son grand-p\u00e8re Karl Schwarz a achet\u00e9 \u00e0 bas prix en 1938 une entreprise \u00e0 des juifs, les L\u00f6bmann, qui p\u00e9rirent \u00e0 Auschwitz. Apr\u00e8s la guerre, confront\u00e9 \u00e0 un h\u00e9ritier qui r\u00e9clame r\u00e9paration, Karl Schwarz plonge dans le d\u00e9ni de ses responsabilit\u00e9s de Mitl\u00e4ufer, ceux qui comme la majorit\u00e9 du peuple allemand ont \u00a0\u00bb march\u00e9 avec le courant \u00ab\u00a0. C&rsquo;est le point de d\u00e9part d&rsquo;une enqu\u00eate passionnante au fil de trois g\u00e9n\u00e9rations sur les traces du travail de m\u00e9moire qui permit aux Allemands de passer d&rsquo;une dictature \u00e0 une d\u00e9mocratie. La rencontre de son p\u00e8re avec sa m\u00e8re, fille d&rsquo;un gendarme sous Vichy, est l&rsquo;occasion pour l&rsquo;auteure d&rsquo;aborder les failles m\u00e9morielles en France dans lesquelles s&rsquo;est engouffr\u00e9e l&rsquo;extr\u00eame droite. En \u00e9largissant son enqu\u00eate \u00e0 d&rsquo;autres pays, G\u00e9raldine Schwarz montre que cette amn\u00e9sie menace le consensus moral en Europe.<\/p>\n<hr \/>\n<p><strong>G\u00e9raldine Schwarz<\/strong> est une journaliste et r\u00e9alisatrice franco-allemande vivant \u00e0 Berlin. Ancienne correspondante de l&rsquo;AFP en Allemagne, elle collabore avec plusieurs m\u00e9dias internationaux et enqu\u00eate depuis quelques ann\u00e9es sur les archives des services secrets f\u00e9d\u00e9raux (BND)<\/td>\n<\/tr>\n<\/tbody>\n<\/table>\n<\/div>\n<p>&nbsp;<\/p>\n<\/div>\n<\/div>\n<div class=\"block -medium main\">\n<hr \/>\n<h3 class=\"inner\" style=\"text-align: center;\">Discours de l&rsquo;auteure\u00a0\u00e0 l&rsquo;occasion de la remise du Prix du livre europ\u00e9en 2018<\/h3>\n<!--[if lt IE 9]><script>document.createElement('audio');<\/script><![endif]-->\n<audio class=\"wp-audio-shortcode\" id=\"audio-6164-1\" preload=\"none\" style=\"width: 100%;\" controls=\"controls\"><source type=\"audio\/mpeg\" src=\"http:\/\/livre-europeen.eu\/wp-content\/uploads\/2018\/06\/Discours-Ge\u0301raldine-Schwarz.mp3?_=1\" \/><a href=\"http:\/\/livre-europeen.eu\/wp-content\/uploads\/2018\/06\/Discours-Ge\u0301raldine-Schwarz.mp3\">http:\/\/livre-europeen.eu\/wp-content\/uploads\/2018\/06\/Discours-Ge\u0301raldine-Schwarz.mp3<\/a><\/audio>\n<p>&nbsp;<\/p>\n<p><em>\u00ab\u00a0Bonsoir \u00e0 tous und guten abend an allen,<\/em><br \/>\n<em>Je voudrais d\u2019abord remercier tout ceux qui ont permis \u00e0 ce livre de voir le jour. A mes parents biens s\u00fbr, \u00e0 mon \u00e9diteur de chez Flammarion Patrice Hoffman qui a port\u00e9 le livre a bout de bras pour le faire exister bient\u00f4t dans huit langues europ\u00e9ennes dont l\u2019allemand, l\u2019italien, l\u2019espagnol, le n\u00e9erlandais, l\u2019anglais bien s\u00fbr. Je remercie mes \u00e9diteurs allemands Joachim von Zeppelin et Christian Rusziska de Secession Verlag qui ont travaill\u00e9 d\u2019arrache pied pour faire na\u00eetre une nouvelle version du livre tr\u00e8s enrichi et actualis\u00e9 qui vient de sortir en Allemagne et sortira bient\u00f4t en poche en France. Je remercie St\u00e9phanie Thomas de m\u2019avoir pr\u00e9sent\u00e9 Louise Decamps sans laquelle je ne serais probablement pas ici ce soir. Et Merci bien s\u00fbr \u00e0 France Roque, Marie Riber, \u00e0 toute l\u2019\u00e9quipe du prix europ\u00e9en pour leur engagement ind\u00e9fectible.<\/em><\/p>\n<p><em>Je n&rsquo;aurais pas pu imaginer un prix mieux adapt\u00e9 pour ce livre qui est le fruit d&rsquo;une \u00e9ducation franco-allemande dans une Europe \u00e9clair\u00e9e, et qui je l\u2019esp\u00e8re donnera quelques cl\u00e9s pour d\u00e9fendre cette Europe-l\u00e0 contre ceux qui veulent l\u2019\u00e9teindre.<\/em><br \/>\n<em>Quelle meilleure ressource que la m\u00e9moire pour reconqu\u00e9rir le terrain identitaire\u00a0en Europe?<\/em><br \/>\n<em>Nos m\u00e9moires europ\u00e9ennes sont certes \u00e9clat\u00e9es, parfois m\u00eame contradictoires, ce qui rend difficile la formation d\u2019une identit\u00e9 commune. Toutes ont le droit d&rsquo;exister. Mais dans cette diversit\u00e9, il y a un d\u00e9nominateur commun : nous tous avons fait l&rsquo;exp\u00e9rience de dictatures et d&rsquo;id\u00e9ologies totalitaires qui ont voulu imposer une seule et m\u00eame identit\u00e9 aux hommes pour servir la folie d\u2019une id\u00e9e meurtri\u00e8re. Nous tous en tant que peuples avons fait l\u2019exp\u00e9rience de la souffrance mais aussi du danger du conformisme, de l\u2019aveuglement et de l\u2019opportunisme.<\/em><br \/>\n<em>L\u2019histoire ne se r\u00e9p\u00e8te pas, mais les m\u00e9canismes socio-psychologiques restent les m\u00eames qui dans un contexte de crise poussent des individus et une soci\u00e9t\u00e9 \u00e0 basculer dans l\u2019irrationnel et l\u2019arbitraire, \u00e0 devenir les complices de r\u00e9gimes criminels.<\/em><br \/>\n<em>C&rsquo;est cette m\u00e9moire-l\u00e0, celle de notre propre faillibilit\u00e9 en tant qu\u2019individu, qu&rsquo;il faut transmettre aux citoyens europ\u00e9ens, et surtout aux jeunes g\u00e9n\u00e9rations, pour forger leur sens des responsabilit\u00e9s individuelles, indispensables dans une d\u00e9mocratie. Pour les armer aussi de discernement face \u00e0 des techniques de manipulation qui aujourd\u2019hui ressemblent \u00e0 s\u2019y m\u00e9prendre \u00e0 celles d\u00e9ploy\u00e9s il y a un si\u00e8cle\u00a0: entretenir le flou entre le vrai et le faux, semer la peur et la m\u00e9fiance entre la populations et les dirigeants, r\u00e9\u00e9crire l&rsquo;histoire, flatter l\u2019\u00e9go des peuples. Ces techniques sont particuli\u00e8rement efficaces dans une p\u00e9riode d\u2019incertitudes majeures comme la notre, o\u00f9 nos rep\u00e8res identitaires, notre ancrage moral et notre m\u00e9moire sont fragiles. Dans ce vacuum, il est alors facile d\u2019imposer une nouvelle identit\u00e9, de d\u00e9signer des coupables et d\u2019inverser notre syst\u00e8me de valeurs.<\/em><br \/>\n<em>La m\u00e9moire des erreurs pass\u00e9es permet de responsabiliser le citoyen et de le rendre vigilant.<\/em><\/p>\n<p><em>N\u00e9anmoins, nous Europ\u00e9ens ne pouvons pas vivre que de m\u00e9moire n\u00e9gative.<\/em><br \/>\n<em>Nous avons aussi besoin d\u2019\u00eatre fiers du pass\u00e9. Ce terrain-l\u00e0, il ne faut l\u2019abandonner aux populistes. Mais rendre aux Europ\u00e9ens, aux jeunes, la fiert\u00e9 d\u2019appartenir \u00e0 un continent dont les peuples ont su par deux fois vaincre les totalitarismes, en 1945 et en 1989, et \u00e0 la sueur de leur front ont construit la d\u00e9mocratie et rendus aux citoyens leur dignit\u00e9.<\/em><br \/>\n<em>Comm\u00e9morer les victimes du fascisme et du communisme comme l\u2019Union europ\u00e9enne le fait le 27 janvier est important. Mais cela ne suffit pas. J\u2019invite le parlement europ\u00e9en \u00e0 puiser dans la m\u00e9moire pour non pas victimiser les citoyens mais leur transmettre le sens de leur pouvoir et de leur devoir dans une d\u00e9mocratie. J\u2019invite le parlement \u00e0 c\u00e9l\u00e9brer un continent qui a r\u00e9ussi de mani\u00e8re miraculeuse \u00e0 rena\u00eetre des ses cendres. J\u2019invite le parlement \u00e0 redonner envie d\u2019Europe.\u00a0\u00bb<\/em><\/p>\n<\/div>\n","protected":false},"excerpt":{"rendered":"<h4>2018, Laur\u00e9at, Roman, France, Allemagne<\/h4>\n<h1><span style=\"font-weight: 200;\">Les Amn\u00e9siques<\/span><\/h1>\n<h2><span style=\"font-weight: 200;\">G\u00e9raldine Schwarz<\/span><\/p>\n<h2>\n","protected":false},"author":1,"featured_media":6455,"comment_status":"closed","ping_status":"closed","sticky":false,"template":"","format":"standard","meta":{"footnotes":""},"categories":[311],"tags":[330,388],"genre":[459],"annees":[461],"wps_subtitle":"","_links":{"self":[{"href":"http:\/\/livre-europeen.eu\/index.php?rest_route=\/wp\/v2\/posts\/6164"}],"collection":[{"href":"http:\/\/livre-europeen.eu\/index.php?rest_route=\/wp\/v2\/posts"}],"about":[{"href":"http:\/\/livre-europeen.eu\/index.php?rest_route=\/wp\/v2\/types\/post"}],"author":[{"embeddable":true,"href":"http:\/\/livre-europeen.eu\/index.php?rest_route=\/wp\/v2\/users\/1"}],"replies":[{"embeddable":true,"href":"http:\/\/livre-europeen.eu\/index.php?rest_route=%2Fwp%2Fv2%2Fcomments&post=6164"}],"version-history":[{"count":87,"href":"http:\/\/livre-europeen.eu\/index.php?rest_route=\/wp\/v2\/posts\/6164\/revisions"}],"predecessor-version":[{"id":7185,"href":"http:\/\/livre-europeen.eu\/index.php?rest_route=\/wp\/v2\/posts\/6164\/revisions\/7185"}],"wp:featuredmedia":[{"embeddable":true,"href":"http:\/\/livre-europeen.eu\/index.php?rest_route=\/wp\/v2\/media\/6455"}],"wp:attachment":[{"href":"http:\/\/livre-europeen.eu\/index.php?rest_route=%2Fwp%2Fv2%2Fmedia&parent=6164"}],"wp:term":[{"taxonomy":"category","embeddable":true,"href":"http:\/\/livre-europeen.eu\/index.php?rest_route=%2Fwp%2Fv2%2Fcategories&post=6164"},{"taxonomy":"post_tag","embeddable":true,"href":"http:\/\/livre-europeen.eu\/index.php?rest_route=%2Fwp%2Fv2%2Ftags&post=6164"},{"taxonomy":"genre","embeddable":true,"href":"http:\/\/livre-europeen.eu\/index.php?rest_route=%2Fwp%2Fv2%2Fgenre&post=6164"},{"taxonomy":"annees","embeddable":true,"href":"http:\/\/livre-europeen.eu\/index.php?rest_route=%2Fwp%2Fv2%2Fannees&post=6164"}],"curies":[{"name":"wp","href":"https:\/\/api.w.org\/{rel}","templated":true}]}}