{"id":6161,"date":"2018-06-27T20:43:17","date_gmt":"2018-06-27T19:43:17","guid":{"rendered":"http:\/\/livre-europeen.eu\/?p=6161"},"modified":"2019-04-10T00:00:12","modified_gmt":"2019-04-09T23:00:12","slug":"europa-ritrovata","status":"publish","type":"post","link":"http:\/\/livre-europeen.eu\/?p=6161","title":{"rendered":"Europa ritrovata"},"content":{"rendered":"<div class=\"block -medium main\">\n<div class=\"inner\">\n<div class=\"tabs -js-tabs\">\n<table class=\" aligncenter\" style=\"width: 1080px; border-style: none;\">\n<tbody>\n<tr>\n<td style=\"border-style: hidden; text-align: center; vertical-align: top; width: 262px;\">\n<h3>Pr\u00e9-s\u00e9lection 2018<\/h3>\n<h4>cat\u00e9gorie : Essai<br \/>\npays : Italie<\/h4>\n<p><strong><img loading=\"lazy\" decoding=\"async\" class=\"alignnone wp-image-6162 size-full\" src=\"http:\/\/livre-europeen.eu\/wp-content\/uploads\/2018\/06\/Italie-EUROPA-RITROVATA-Carlo-Ossola.jpg\" alt=\"\" width=\"496\" height=\"800\" srcset=\"http:\/\/livre-europeen.eu\/wp-content\/uploads\/2018\/06\/Italie-EUROPA-RITROVATA-Carlo-Ossola.jpg 496w, http:\/\/livre-europeen.eu\/wp-content\/uploads\/2018\/06\/Italie-EUROPA-RITROVATA-Carlo-Ossola-186x300.jpg 186w\" sizes=\"(max-width: 496px) 100vw, 496px\" \/><\/strong><\/p>\n<p>&nbsp;<\/td>\n<td style=\"border-style: hidden; vertical-align: top; width: 786px;\">\n<h1>Europa ritrovata<\/h1>\n<h2>Carlo Ossola<\/h2>\n<hr \/>\n<ul>\n<li><strong>Parution : <\/strong>2017<\/li>\n<li><strong>Editeur : <\/strong>Vita et pensiero<\/li>\n<li><strong>Pages : <\/strong>287<\/li>\n<\/ul>\n<hr \/>\n<span class=\"su-dropcap su-dropcap-style-flat\" style=\"font-size:1.5em\">C<\/span><strong>arlo Ossola<\/strong>, dans ce livre pr\u00e9cieux et raffin\u00e9, nous raconte son parcours sur les traces qui font de l\u2019Europe un h\u00e9ritage de civilisation partag\u00e9. Un voyage au premier abord r\u00e9el, qui parcourt les lieux europ\u00e9ens les plus divers &#8211; de Reggio Calabria aux pr\u00e9s irlandais de Glendalough, d\u2019Odessa \u00e0 la pierre blanche portugaise de Bel\u00e9m &#8211; o\u00f9 un paysage, un artefact artistique, un personnage, un livre ravivent le go\u00fbt d\u2019une pluralit\u00e9 vivante et partag\u00e9e dans laquelle nous nous reconnaissons, et qui nourrit notre imaginaire.<\/p>\n<p>Il s\u2019agit \u00e9galement d\u2019un voyage de pens\u00e9e dans les mythes ont fourni aux europ\u00e9ens une matrice identitaire depuis les Grecs : Ulysse et \u00c9n\u00e9e, \u00c9ros et Psych\u00e9, l&rsquo;unit\u00e9 de temps et de lieu d&rsquo;Aristote, le fil insoup\u00e7onn\u00e9 qui lie Saint-Beno\u00eet et L\u00e9nine. Ce voyage d\u00e9passe la profonde crise de conscience et de culture qui investit le vieux continent, o\u00f9 tout semble \u00eatre r\u00e9duit au calcul \u00e9conomique et aux proc\u00e9dures bureaucratiques. Une lecture pour red\u00e9couvrir l&rsquo;Europe et mettre en lumi\u00e8re ce qui unit ses peuples et fait de nous des Europ\u00e9ens.<\/td>\n<\/tr>\n<\/tbody>\n<\/table>\n<\/div>\n<\/div>\n<\/div>\n","protected":false},"excerpt":{"rendered":"<br \/>\n<h4>2018, Pr\u00e9-s\u00e9lection, Essai, Italie<\/h4>\n<h1><span style=\"font-weight: 200;\">Europa ritrovata<\/span><\/h1>\n<h2><span style=\"font-weight: 200;\">Carlo Ossola<\/span><\/p>\n<h2>\n","protected":false},"author":1,"featured_media":6162,"comment_status":"closed","ping_status":"closed","sticky":false,"template":"","format":"standard","meta":{"footnotes":""},"categories":[313],"tags":[367],"genre":[457],"annees":[461],"wps_subtitle":"","_links":{"self":[{"href":"http:\/\/livre-europeen.eu\/index.php?rest_route=\/wp\/v2\/posts\/6161"}],"collection":[{"href":"http:\/\/livre-europeen.eu\/index.php?rest_route=\/wp\/v2\/posts"}],"about":[{"href":"http:\/\/livre-europeen.eu\/index.php?rest_route=\/wp\/v2\/types\/post"}],"author":[{"embeddable":true,"href":"http:\/\/livre-europeen.eu\/index.php?rest_route=\/wp\/v2\/users\/1"}],"replies":[{"embeddable":true,"href":"http:\/\/livre-europeen.eu\/index.php?rest_route=%2Fwp%2Fv2%2Fcomments&post=6161"}],"version-history":[{"count":4,"href":"http:\/\/livre-europeen.eu\/index.php?rest_route=\/wp\/v2\/posts\/6161\/revisions"}],"predecessor-version":[{"id":9693,"href":"http:\/\/livre-europeen.eu\/index.php?rest_route=\/wp\/v2\/posts\/6161\/revisions\/9693"}],"wp:featuredmedia":[{"embeddable":true,"href":"http:\/\/livre-europeen.eu\/index.php?rest_route=\/wp\/v2\/media\/6162"}],"wp:attachment":[{"href":"http:\/\/livre-europeen.eu\/index.php?rest_route=%2Fwp%2Fv2%2Fmedia&parent=6161"}],"wp:term":[{"taxonomy":"category","embeddable":true,"href":"http:\/\/livre-europeen.eu\/index.php?rest_route=%2Fwp%2Fv2%2Fcategories&post=6161"},{"taxonomy":"post_tag","embeddable":true,"href":"http:\/\/livre-europeen.eu\/index.php?rest_route=%2Fwp%2Fv2%2Ftags&post=6161"},{"taxonomy":"genre","embeddable":true,"href":"http:\/\/livre-europeen.eu\/index.php?rest_route=%2Fwp%2Fv2%2Fgenre&post=6161"},{"taxonomy":"annees","embeddable":true,"href":"http:\/\/livre-europeen.eu\/index.php?rest_route=%2Fwp%2Fv2%2Fannees&post=6161"}],"curies":[{"name":"wp","href":"https:\/\/api.w.org\/{rel}","templated":true}]}}