{"id":6038,"date":"2018-06-27T15:17:28","date_gmt":"2018-06-27T14:17:28","guid":{"rendered":"http:\/\/livre-europeen.eu\/?p=6038"},"modified":"2019-08-27T18:12:05","modified_gmt":"2019-08-27T17:12:05","slug":"edouard-bourcieu","status":"publish","type":"post","link":"http:\/\/livre-europeen.eu\/?p=6038","title":{"rendered":"Edouard Bourcieu"},"content":{"rendered":"<div class=\"inner\">\n<div class=\"tabs -js-tabs\">\n<table class=\" aligncenter\" style=\"width: 1080px; border-style: none;\">\n<tbody>\n<tr>\n<td style=\"border-style: hidden; text-align: center; vertical-align: top; width: 262px;\">\n<h3>Membre du comit\u00e9<br \/>\nde parrainage 2018, 2019<\/h3>\n<h4>pays : France<\/h4>\n<p>&nbsp;<\/p>\n<p><strong><img loading=\"lazy\" decoding=\"async\" class=\"alignnone wp-image-6040 size-thumbnail\" src=\"http:\/\/livre-europeen.eu\/wp-content\/uploads\/2018\/06\/edouardbourcieu-150x150.jpg\" alt=\"\" width=\"150\" height=\"150\" srcset=\"http:\/\/livre-europeen.eu\/wp-content\/uploads\/2018\/06\/edouardbourcieu-150x150.jpg 150w, http:\/\/livre-europeen.eu\/wp-content\/uploads\/2018\/06\/edouardbourcieu.jpg 200w\" sizes=\"(max-width: 150px) 100vw, 150px\" \/><\/strong><\/td>\n<td style=\"border-style: hidden; vertical-align: top; width: 786px;\">\n<h1>Edouard Bourcieu<\/h1>\n<h2>Conseiller \u00e0 la Repr\u00e9sentation en France de la Commission europ\u00e9enne<\/h2>\n<hr \/>\n<p class=\"p1\"><span class=\"s1\"><strong>\u00c9douard Bourcieu<\/strong> repr\u00e9sente la Commission europ\u00e9enne pour les affaires commerciales en France et en Belgique. Auparavant responsable de la strat\u00e9gie \u00e0 la Direction g\u00e9n\u00e9rale du commerce de la Commission europ\u00e9enne, il a \u00e0 ce titre coordonn\u00e9 la pr\u00e9paration de la plupart des documents de strat\u00e9gie commerciale de l\u2019Union europ\u00e9enne depuis dix ans<\/span><span class=\"s2\">. <\/span><span class=\"s1\">Apr\u00e8s<\/span> <span class=\"s1\">avoir d\u00e9but\u00e9 sa carri\u00e8re \u00e0 la Direction des relations \u00e9conomiques ext\u00e9rieures du minist\u00e8re de l\u2019\u00e9conomie et des finances \u00e0 Paris,<\/span><span class=\"s2\"> i<\/span><span class=\"s1\">l a \u00e9t\u00e9 membre du cabinet de Pascal Lamy, Commissaire europ\u00e9en en charge du commerce de 1999 \u00e0 2004.<\/span><\/p>\n<\/td>\n<\/tr>\n<\/tbody>\n<\/table>\n<p style=\"text-align: justify;\">\n<\/div>\n<\/div>\n","protected":false},"excerpt":{"rendered":"<h4>2018, Membre du comit\u00e9 de parrainage, France<\/h4>\n<h1><span style=\"font-weight: 200;\">Edouard Bourcieu<\/span><\/h1>\n<h2><span style=\"font-weight: 200;\">Conseiller \u00e0 la Repr\u00e9sentation en France de la Commission europ\u00e9enne<\/span><\/p>\n<h2>\n","protected":false},"author":1,"featured_media":6040,"comment_status":"closed","ping_status":"closed","sticky":false,"template":"","format":"standard","meta":{"footnotes":""},"categories":[323],"tags":[388],"genre":[],"annees":[850,461],"wps_subtitle":"","_links":{"self":[{"href":"http:\/\/livre-europeen.eu\/index.php?rest_route=\/wp\/v2\/posts\/6038"}],"collection":[{"href":"http:\/\/livre-europeen.eu\/index.php?rest_route=\/wp\/v2\/posts"}],"about":[{"href":"http:\/\/livre-europeen.eu\/index.php?rest_route=\/wp\/v2\/types\/post"}],"author":[{"embeddable":true,"href":"http:\/\/livre-europeen.eu\/index.php?rest_route=\/wp\/v2\/users\/1"}],"replies":[{"embeddable":true,"href":"http:\/\/livre-europeen.eu\/index.php?rest_route=%2Fwp%2Fv2%2Fcomments&post=6038"}],"version-history":[{"count":7,"href":"http:\/\/livre-europeen.eu\/index.php?rest_route=\/wp\/v2\/posts\/6038\/revisions"}],"predecessor-version":[{"id":10617,"href":"http:\/\/livre-europeen.eu\/index.php?rest_route=\/wp\/v2\/posts\/6038\/revisions\/10617"}],"wp:featuredmedia":[{"embeddable":true,"href":"http:\/\/livre-europeen.eu\/index.php?rest_route=\/wp\/v2\/media\/6040"}],"wp:attachment":[{"href":"http:\/\/livre-europeen.eu\/index.php?rest_route=%2Fwp%2Fv2%2Fmedia&parent=6038"}],"wp:term":[{"taxonomy":"category","embeddable":true,"href":"http:\/\/livre-europeen.eu\/index.php?rest_route=%2Fwp%2Fv2%2Fcategories&post=6038"},{"taxonomy":"post_tag","embeddable":true,"href":"http:\/\/livre-europeen.eu\/index.php?rest_route=%2Fwp%2Fv2%2Ftags&post=6038"},{"taxonomy":"genre","embeddable":true,"href":"http:\/\/livre-europeen.eu\/index.php?rest_route=%2Fwp%2Fv2%2Fgenre&post=6038"},{"taxonomy":"annees","embeddable":true,"href":"http:\/\/livre-europeen.eu\/index.php?rest_route=%2Fwp%2Fv2%2Fannees&post=6038"}],"curies":[{"name":"wp","href":"https:\/\/api.w.org\/{rel}","templated":true}]}}