{"id":6034,"date":"2018-06-26T16:30:34","date_gmt":"2018-06-26T15:30:34","guid":{"rendered":"http:\/\/livre-europeen.eu\/?p=6034"},"modified":"2019-02-18T16:42:05","modified_gmt":"2019-02-18T15:42:05","slug":"maria-joao-rodriguez","status":"publish","type":"post","link":"http:\/\/livre-europeen.eu\/?p=6034","title":{"rendered":"Maria Joao Rodriguez"},"content":{"rendered":"<div class=\"block -medium main\">\n<div class=\"inner\">\n<div class=\"tabs -js-tabs\">\n<table class=\" aligncenter\" style=\"width: 1080px; border-style: none;\">\n<tbody>\n<tr>\n<td style=\"border-style: hidden; text-align: center; vertical-align: top; width: 262px;\">\n<h3>Membre du comit\u00e9<br \/>\nde parrainage 2018<\/h3>\n<h4>pays : Portugal<\/h4>\n<p>&nbsp;<\/p>\n<p><strong><img loading=\"lazy\" decoding=\"async\" class=\"alignnone wp-image-6035 size-thumbnail\" src=\"http:\/\/livre-europeen.eu\/wp-content\/uploads\/2018\/06\/Mariajoaorodriguez-150x150.jpg\" alt=\"\" width=\"150\" height=\"150\" srcset=\"http:\/\/livre-europeen.eu\/wp-content\/uploads\/2018\/06\/Mariajoaorodriguez-150x150.jpg 150w, http:\/\/livre-europeen.eu\/wp-content\/uploads\/2018\/06\/Mariajoaorodriguez.jpg 200w\" sizes=\"(max-width: 150px) 100vw, 150px\" \/><\/strong><br \/>\nPhoto : D.R.<\/td>\n<td style=\"border-style: hidden; vertical-align: top; width: 786px;\">\n<h1>Maria Joao Rodriguez<\/h1>\n<h2>D\u00e9put\u00e9e europ\u00e9enne, pr\u00e9sidente de la Fondation FEPS<\/h2>\n<hr \/>\n<p class=\"p1\"><span class=\"s1\">Apr\u00e8s avoir \u00e9t\u00e9 ministre du Travail du Portugal et avoir occup\u00e9 divers postes dans les institutions europ\u00e9ennes depuis 2000, <strong>Maria Rao Rodriguez<\/strong> est d\u00e9put\u00e9e europ\u00e9enne et vice-pr\u00e9sidente de l\u2019Alliance progressiste des socialistes et d\u00e9mocrates au Parlement europ\u00e9en. Membre des commissions EMPL (Emploi et affaires sociales) et ECON (Affaires \u00e9conomiques et mon\u00e9taires), elle pr\u00e9side par ailleurs la fondation FEPS <i>(European Foundation of Progressive Studies),<\/i> qui regroupe environ quarante fondations et think-tanks en Europe et dans le monde.<\/span><\/p>\n<\/td>\n<\/tr>\n<\/tbody>\n<\/table>\n<p style=\"text-align: justify;\">\n<\/div>\n<\/div>\n<\/div>\n","protected":false},"excerpt":{"rendered":"<h4>2018, Membre du comit\u00e9 de parrainage, Portugal<\/h4>\n<h1><span style=\"font-weight: 200;\">Maria Joao Rodriguez<\/span><\/h1>\n<h2><span style=\"font-weight: 200;\">D\u00e9put\u00e9e europ\u00e9enne, pr\u00e9sidente de la Fondation FEPS<\/span><\/p>\n<h2>\n","protected":false},"author":1,"featured_media":6035,"comment_status":"closed","ping_status":"closed","sticky":false,"template":"","format":"standard","meta":{"footnotes":""},"categories":[323],"tags":[379],"genre":[],"annees":[461],"wps_subtitle":"","_links":{"self":[{"href":"http:\/\/livre-europeen.eu\/index.php?rest_route=\/wp\/v2\/posts\/6034"}],"collection":[{"href":"http:\/\/livre-europeen.eu\/index.php?rest_route=\/wp\/v2\/posts"}],"about":[{"href":"http:\/\/livre-europeen.eu\/index.php?rest_route=\/wp\/v2\/types\/post"}],"author":[{"embeddable":true,"href":"http:\/\/livre-europeen.eu\/index.php?rest_route=\/wp\/v2\/users\/1"}],"replies":[{"embeddable":true,"href":"http:\/\/livre-europeen.eu\/index.php?rest_route=%2Fwp%2Fv2%2Fcomments&post=6034"}],"version-history":[{"count":3,"href":"http:\/\/livre-europeen.eu\/index.php?rest_route=\/wp\/v2\/posts\/6034\/revisions"}],"predecessor-version":[{"id":9852,"href":"http:\/\/livre-europeen.eu\/index.php?rest_route=\/wp\/v2\/posts\/6034\/revisions\/9852"}],"wp:featuredmedia":[{"embeddable":true,"href":"http:\/\/livre-europeen.eu\/index.php?rest_route=\/wp\/v2\/media\/6035"}],"wp:attachment":[{"href":"http:\/\/livre-europeen.eu\/index.php?rest_route=%2Fwp%2Fv2%2Fmedia&parent=6034"}],"wp:term":[{"taxonomy":"category","embeddable":true,"href":"http:\/\/livre-europeen.eu\/index.php?rest_route=%2Fwp%2Fv2%2Fcategories&post=6034"},{"taxonomy":"post_tag","embeddable":true,"href":"http:\/\/livre-europeen.eu\/index.php?rest_route=%2Fwp%2Fv2%2Ftags&post=6034"},{"taxonomy":"genre","embeddable":true,"href":"http:\/\/livre-europeen.eu\/index.php?rest_route=%2Fwp%2Fv2%2Fgenre&post=6034"},{"taxonomy":"annees","embeddable":true,"href":"http:\/\/livre-europeen.eu\/index.php?rest_route=%2Fwp%2Fv2%2Fannees&post=6034"}],"curies":[{"name":"wp","href":"https:\/\/api.w.org\/{rel}","templated":true}]}}