{"id":6020,"date":"2018-06-26T16:10:12","date_gmt":"2018-06-26T15:10:12","guid":{"rendered":"http:\/\/livre-europeen.eu\/?p=6020"},"modified":"2021-11-09T19:39:14","modified_gmt":"2021-11-09T18:39:14","slug":"piotr-moszynski","status":"publish","type":"post","link":"http:\/\/livre-europeen.eu\/?p=6020","title":{"rendered":"Piotr Moszynski"},"content":{"rendered":"<div class=\"block -medium main\">\n<div class=\"inner\">\n<div class=\"tabs -js-tabs\">\n<table class=\" aligncenter\" style=\"width: 1080px; border-style: none;\">\n<tbody>\n<tr>\n<td style=\"border-style: hidden; text-align: center; vertical-align: top; width: 262px;\">\n<h3>Membre du jury 2020, 2019 et 2018<\/h3>\n<h4>pays : Pologne<\/h4>\n<p>&nbsp;<\/p>\n<p><img loading=\"lazy\" decoding=\"async\" class=\"\" src=\"https:\/\/wojciechskowronski.pl\/images\/foto\/osoby\/g_300_Piotr-Moszyski.jpg\" alt=\"g_300_Piotr-Moszyski.jpg\" width=\"153\" height=\"153\" \/><\/td>\n<td style=\"border-style: hidden; vertical-align: top; width: 786px;\">\n<h1>Piotr Moszynski<\/h1>\n<h2><em>Gazeta Wyborcza<\/em><\/h2>\n<hr \/>\n<p class=\"p1\"><span class=\"s1\">Apr\u00e8s avoir \u00e9t\u00e9 journaliste \u00e0 RFI et \u00e0 \u00ab\u00a0Newsweek\u00a0\u00bb Pologne, <strong>Piotr Moszynski<\/strong> est correspondant \u00e0 Paris de la\u00a0\u00ab\u00a0Gazeta Wyborcza\u00a0\u00bb.<\/span><\/p>\n<\/td>\n<\/tr>\n<\/tbody>\n<\/table>\n<p style=\"text-align: justify;\">\n<\/div>\n<\/div>\n<\/div>\n","protected":false},"excerpt":{"rendered":"<h4>2018, Membre du jury, Pologne<\/h4>\n<h1><span style=\"font-weight: 200;\">Piotr Moszynski<\/span><\/h1>\n<h2><span style=\"font-weight: 200;\">Correspondant \u00e0 Paris &#8211; Gazeta Wyborcza<\/span><\/p>\n<h2>\n","protected":false},"author":1,"featured_media":10927,"comment_status":"closed","ping_status":"closed","sticky":false,"template":"","format":"standard","meta":{"footnotes":""},"categories":[321],"tags":[374],"genre":[],"annees":[850,852,490,461],"wps_subtitle":"","_links":{"self":[{"href":"http:\/\/livre-europeen.eu\/index.php?rest_route=\/wp\/v2\/posts\/6020"}],"collection":[{"href":"http:\/\/livre-europeen.eu\/index.php?rest_route=\/wp\/v2\/posts"}],"about":[{"href":"http:\/\/livre-europeen.eu\/index.php?rest_route=\/wp\/v2\/types\/post"}],"author":[{"embeddable":true,"href":"http:\/\/livre-europeen.eu\/index.php?rest_route=\/wp\/v2\/users\/1"}],"replies":[{"embeddable":true,"href":"http:\/\/livre-europeen.eu\/index.php?rest_route=%2Fwp%2Fv2%2Fcomments&post=6020"}],"version-history":[{"count":10,"href":"http:\/\/livre-europeen.eu\/index.php?rest_route=\/wp\/v2\/posts\/6020\/revisions"}],"predecessor-version":[{"id":11428,"href":"http:\/\/livre-europeen.eu\/index.php?rest_route=\/wp\/v2\/posts\/6020\/revisions\/11428"}],"wp:featuredmedia":[{"embeddable":true,"href":"http:\/\/livre-europeen.eu\/index.php?rest_route=\/wp\/v2\/media\/10927"}],"wp:attachment":[{"href":"http:\/\/livre-europeen.eu\/index.php?rest_route=%2Fwp%2Fv2%2Fmedia&parent=6020"}],"wp:term":[{"taxonomy":"category","embeddable":true,"href":"http:\/\/livre-europeen.eu\/index.php?rest_route=%2Fwp%2Fv2%2Fcategories&post=6020"},{"taxonomy":"post_tag","embeddable":true,"href":"http:\/\/livre-europeen.eu\/index.php?rest_route=%2Fwp%2Fv2%2Ftags&post=6020"},{"taxonomy":"genre","embeddable":true,"href":"http:\/\/livre-europeen.eu\/index.php?rest_route=%2Fwp%2Fv2%2Fgenre&post=6020"},{"taxonomy":"annees","embeddable":true,"href":"http:\/\/livre-europeen.eu\/index.php?rest_route=%2Fwp%2Fv2%2Fannees&post=6020"}],"curies":[{"name":"wp","href":"https:\/\/api.w.org\/{rel}","templated":true}]}}