{"id":5856,"date":"2017-07-03T22:04:20","date_gmt":"2017-07-03T21:04:20","guid":{"rendered":"http:\/\/livre-europeen.eu\/?p=5856"},"modified":"2019-02-17T19:29:19","modified_gmt":"2019-02-17T18:29:19","slug":"zinc","status":"publish","type":"post","link":"http:\/\/livre-europeen.eu\/?p=5856","title":{"rendered":"Zinc"},"content":{"rendered":"<div class=\"block -medium main\">\n<div class=\"inner\">\n<div class=\"tabs -js-tabs\">\n<table class=\" aligncenter\" style=\"width: 1080px; border-style: none;\">\n<tbody>\n<tr>\n<td style=\"border-style: hidden; text-align: center; vertical-align: top; width: 262px;\">\n<h3>11\u00e8me laur\u00e9at du prix du livre europ\u00e9en<\/h3>\n<h4>cat\u00e9gorie : Roman<br \/>\npays : Belgique<\/h4>\n<p><img loading=\"lazy\" decoding=\"async\" class=\"wp-image-5922 size-full\" src=\"http:\/\/livre-europeen.eu\/wp-content\/uploads\/2017\/07\/zinc.jpg\" alt=\"zinc\" width=\"180\" height=\"340\" srcset=\"http:\/\/livre-europeen.eu\/wp-content\/uploads\/2017\/07\/zinc.jpg 180w, http:\/\/livre-europeen.eu\/wp-content\/uploads\/2017\/07\/zinc-159x300.jpg 159w\" sizes=\"(max-width: 180px) 100vw, 180px\" \/><\/p>\n<p><strong><img loading=\"lazy\" decoding=\"async\" class=\"wp-image-5948 size-thumbnail aligncenter\" src=\"http:\/\/livre-europeen.eu\/wp-content\/uploads\/2017\/07\/David-van-Reybrouck-150x150.jpeg\" alt=\"David van Reybrouck\" width=\"150\" height=\"150\" \/><\/strong><\/td>\n<td style=\"border-style: hidden; vertical-align: top; width: 786px;\">\n<h1>Zinc<\/h1>\n<h2>David van Reybrouck<\/h2>\n<hr \/>\n<ul>\n<li><strong>Editeur : <\/strong>Actes Sud<\/li>\n<\/ul>\n<hr \/>\n<span class=\"su-dropcap su-dropcap-style-flat\" style=\"font-size:1.5em\">D<\/span>avid Van Reybrouck retrace ici l\u2019histoire d\u2019un infime territoire coinc\u00e9 entre la Belgique, les Pays-Bas et l\u2019Allemagne, un confetti au statut unique en Europe, car d\u00e9clar\u00e9 neutre par les grandes puissances apr\u00e8s la chute de Napol\u00e9on et jusqu\u2019en 1919, faute d\u2019un accord sur le trac\u00e9 des fronti\u00e8res alentour. Il s\u2019agissait \u00e0 l\u2019origine d\u2019un banal conflit d\u2019int\u00e9r\u00eats puisque se trouvait l\u00e0 un important gisement de zinc, minerai dont l\u2019exploitation d\u00e9j\u00e0 ancienne connut son apog\u00e9e au XIX-\u00e8me si\u00e8cle.<br \/>\nUn si\u00e8cle de neutralit\u00e9 heureuse du village de Moresnet, une sorte d\u2019Europe en miniature : les nationalit\u00e9s s\u2019y c\u00f4toient, les lois sont fran\u00e7aises, l\u2019administration germano-belge, le service militaire est longtemps ignor\u00e9. Mais en 1914 l\u2019Allemagne l\u2019occupe, avant que le trait\u00e9 de Versailles ne l\u2019attribue \u00e0 la Belgique. Et ce n\u2019est qu\u2019un d\u00e9but, car les guerres du xxe si\u00e8cle ne cesseront de meurtrir la population de cette enclave autrefois privil\u00e9gi\u00e9e.<span class=\"s2\"><br \/>\n<\/span><span class=\"s1\">Cette histoire, David Van Reybrouck nous la conte \u00e0 travers le destin d\u2019Emil Rixen. N\u00e9 en 1903, cet homme ordinaire changera cinq fois de nationalit\u00e9 sans jamais traverser de fronti\u00e8re : \u201cCe sont les fronti\u00e8res qui l\u2019ont travers\u00e9.\u201d<br \/>\nMais \u00e0 travers ce destin singulier \u2013 et avec lui celui de la communaut\u00e9 m\u00e9connue des Belges germanophones \u2013, c\u2019est \u00e0 deux sujets d\u2019une actualit\u00e9 br\u00fblante que David Van Reybrouck\u00a0<\/span>nous invite \u00e0 r\u00e9fl\u00e9chir : la fin d\u2019une utopie europ\u00e9enne et le retour des fronti\u00e8res, v\u00e9ritables mat\u00e9rialisations sur le terrain de la r\u00e9surgence des nationalismes.<\/p>\n<hr \/>\n<p><strong>David Van Reybrouck<\/strong> est n\u00e9 \u00e0 Bruges en 1971 dans une famille flamande de fleuristes, de relieurs, d\u2019\u00e9lectriciens et d\u2019artistes.Il a \u00e9tudi\u00e9 l\u2019arch\u00e9ologie et la philosophie aux universit\u00e9s de Louvain et de Cambridge et d\u00e9tient un doctorat \u00e0 l\u2019universit\u00e9 de Leyde. Journaliste, il collabore au\u00a0<i>Soir de Bruxelles\u00a0<\/i>; \u00e9crivain, il a \u00e9crit\u00a0<i>Le Fl\u00e9au<\/i>\u00a0(Actes Sud, 2008), homme de th\u00e9\u00e2tre, il a publi\u00e9\u00a0<i>Mission\u00a0<\/i>(Actes Sud-Papiers, 2011), une pi\u00e8ce jou\u00e9e en Belgique, aux Pays-Bas, en France et en Italie.\u00a0Son essai\u00a0<i>Congo, une histoire<\/i>\u00a0(Actes Sud, 2012) a re\u00e7u le prix M\u00e9dicis.<\/td>\n<\/tr>\n<\/tbody>\n<\/table>\n<\/div>\n<p>&nbsp;<\/p>\n<\/div>\n<\/div>\n<div class=\"block -medium main\">\n<hr \/>\n<h3 class=\"inner\" style=\"text-align: center;\">Discours de l&rsquo;auteur\u00a0\u00e0 l&rsquo;occasion de la remise du Prix du livre europ\u00e9en 2017<\/h3>\n<!--[if lt IE 9]><script>document.createElement('audio');<\/script><![endif]-->\n<audio class=\"wp-audio-shortcode\" id=\"audio-5856-1\" preload=\"none\" style=\"width: 100%;\" controls=\"controls\"><source type=\"audio\/mpeg\" src=\"http:\/\/livre-europeen.eu\/wp-content\/uploads\/2019\/02\/Discours-Paul-Lendvai-franc\u0327ais.mp3?_=1\" \/><a href=\"http:\/\/livre-europeen.eu\/wp-content\/uploads\/2019\/02\/Discours-Paul-Lendvai-franc\u0327ais.mp3\">http:\/\/livre-europeen.eu\/wp-content\/uploads\/2019\/02\/Discours-Paul-Lendvai-franc\u0327ais.mp3<\/a><\/audio>\n<p>&nbsp;<\/p>\n<p class=\"p1\"><em><span class=\"s1\">\u00ab\u00a0Messieurs, Dames, bonsoir,<\/span><\/em><\/p>\n<p class=\"p1\"><em><span class=\"s1\">Il y a trois semaines, le redacteur-en-chef d\u2019un journal n\u00e9erlandais me demandait, comment j\u2019arrivais \u00e0 combiner cette vie d\u2019auteur litt\u00e9raire avec celle d\u2019activiste d\u00e9mocratique.<\/span><\/em><em><span class=\"s1\">Comme je n\u2019avais pas de r\u00e9ponse imm\u00e9diate \u00e0 cette question, je l\u2019ai trouv\u00e9 fort intelligente. J\u2019ai souvent ce sentiment vis \u00e0 vis des choses que je ne comprends pas.<\/span><\/em><em><span class=\"s1\">Mais oui, comment combiner la concentration n\u00e9cessaire pour \u00e9crire un ouvrage comme Zinc, avec la fr\u00e9n\u00e9sie in\u00e9vitable pour mener une campagne pour plus de d\u00e9mocratie en Europe?<\/span><\/em><\/p>\n<p class=\"p1\"><em><span class=\"s1\">Comment combiner le pass\u00e9 dans mes livres et le futur dans mes essais? <\/span><\/em><\/p>\n<p class=\"p1\"><em><span class=\"s1\">Comment combiner le silence et la parole?<\/span><\/em><\/p>\n<p class=\"p1\"><em><span class=\"s1\">La solitude et la vie publique?<\/span><\/em><\/p>\n<p class=\"p1\"><em><span class=\"s1\">Je ne sais pas. <\/span><\/em><\/p>\n<p class=\"p1\"><em><span class=\"s1\">Tout ce que je sais, c\u2019est qu\u2019il y a une chose qui relie mon livre Zinc \u00e0 mon travail d\u00e9mocratique. Et c\u2019est cette simple notion qui anime ma m\u00e9thode de travail: je laisse parler les gens. <\/span><\/em><\/p>\n<p class=\"p1\"><em><span class=\"s1\">Des interviews sont souvent \u00e0 la base de mes oeuvres litt\u00e9raires et de mes pi\u00e8ces de th\u00e9\u00e2tre. Des interviews avec des missionnaires, des enfants-soldats, des femmes viol\u00e9es, des para-commandos, des parents qui ont perdu leur enfant en Flandre suite \u00e0 un de ces nombreux suicides. Il y a deux jours, je suis rentr\u00e9 d\u2019Indon\u00e9sie o\u00f9 j\u2019ai pu interviewer les tout derniers t\u00e9moins de la guerre d\u2019ind\u00e9pendance dans les ann\u00e9es 40.<\/span><\/em><\/p>\n<p class=\"p1\"><em><span class=\"s1\">Je pense qu\u2019au cours des quinze derni\u00e8res ann\u00e9es, j\u2019ai fait presqu\u2019un millier d\u2019interviews. A chaque fois, je pose des questions, parfois intelligentes, souvent b\u00eates, par curiosit\u00e9, par fascination, par ignorance, et j\u2019accueille toute r\u00e9ponse. <\/span><\/em><\/p>\n<p class=\"p1\"><em><span class=\"s1\">C\u2019est sans doute une habitude qui est n\u00e9e de la meilleure \u00e9cole que la vie m\u2019a donn\u00e9e: les ann\u00e9es o\u00f9 je faisais de l\u2019autostop \u00e0 travers l\u2019Europe. Me retrouver avec des inconnus pendant plusieurs heures, des pr\u00eatres, des camionneurs des cercueils, des femmes sans peur, ce type avec qui j\u2019ai eu un accident de voiture en Bretagne, a certainement aiguis\u00e9 ma curiosit\u00e9 et ma confiance. <\/span><\/em><\/p>\n<p class=\"p1\"><em><span class=\"s1\">L\u2019\u00e9criture, pour moi, commence avec l\u2019\u00e9coute.<\/span><\/em><\/p>\n<p class=\"p1\"><em><span class=\"s1\">La d\u00e9mocratie, pour moi, elle aussi, commence avec l\u2019acte simple de poser une question \u00e0 un autre.<\/span><\/em><\/p>\n<p class=\"p1\"><em><span class=\"s1\">Comme la plupart des responsables politiques ne sont pas d\u2019autostoppeurs et n\u2019\u00e9crivent pas de livres de non-fiction, voici 5 le\u00e7ons tir\u00e9es de mes exp\u00e9riences qui peuvent servir \u00e0 am\u00e9liorer l\u2019Europe.<\/span><\/em><\/p>\n<p class=\"p1\"><em><span class=\"s2\">Premi\u00e8re le\u00e7on<\/span><span class=\"s1\">: un citoyen, \u00e7a ne mord pas. Oui, \u00e7a peut aboyer, tr\u00e8s fort parfois, tr\u00e8s agr\u00e9able m\u00eame, mais ne vous \u00e9loignez pas. Contrairement aux chiens, un citoyen dont on s\u2019\u00e9loigne, aboie encore plus fort.<\/span><\/em><\/p>\n<p class=\"p1\"><em><span class=\"s2\">Deuxi\u00e8me le\u00e7on<\/span><span class=\"s1\">: Les gens dit \u2018ordinaires\u2019 sont extraordinaires. S\u2019ils sont capables de mieux raconter l\u2019histoire de leur pays que leurs \u00e9lites, ils sont aussi capables de mieux imaginer le futur de leurs soci\u00e9t\u00e9s. <\/span><\/em><\/p>\n<p class=\"p1\"><em><span class=\"s2\">Troisi\u00e8me le\u00e7on<\/span><span class=\"s1\">: il n\u2019y a pas de mauvais t\u00e9moins. Tout<span class=\"Apple-converted-space\">\u00a0 <\/span>le monde a quelque chose \u00e0 dire. Chaque vie est un t\u00e9moignage d\u2019une \u00e9poque, chaque corps articule la politique d\u2019une certaine p\u00e9riode. Comment trouvez-vous toujours ces t\u00e9moins incroyables? On me pose souvent la question. Je les rencontre l\u00e0 o\u00f9 pousse le temps. <\/span><\/em><\/p>\n<p class=\"p1\"><em><span class=\"s2\">Quatri\u00e8me le\u00e7on<\/span><span class=\"s1\">: la curiosit\u00e9, la vraie, la sinc\u00e8re, fait du bien. Les gens s\u2019ouvrent, la rage diminue, on se sent pris au s\u00e9rieux.<\/span><\/em><\/p>\n<p class=\"p1\"><em><span class=\"s2\">Cinqui\u00e8me le\u00e7on<\/span><span class=\"s1\">: il faut beaucoup aimer les gens. Aussi les connards et les emmerdeurs? Oui, surtout les connards et les emmerdeurs.<\/span><\/em><\/p>\n<p class=\"p1\"><em><span class=\"s1\">Le\u00e7on num\u00e9ro cinq: c\u2019est la plus importante. C\u2019est aussi la plus dure.<\/span><\/em><\/p>\n<p class=\"p1\"><em><span class=\"s1\">Mesdames et Messieurs, ce n\u2019est pas tous les jours qu\u2019on m\u2019octroie le droit de parler dans le Parlement europ\u00e9en. Vous comprendrez donc que j\u2019abuserai sans mod\u00e9ration de ce pouvoir. <\/span><\/em><\/p>\n<p class=\"p1\"><em><span class=\"s1\">L\u2019Europe se trouve \u00e0 un moment crucial de son histoire. 2017 aurait pu signifier la fin de l\u2019Union europ\u00e9enne. Les \u00e9lections en Autriche, aux Pays-Bas, en France et en Allemagne nous ont donn\u00e9 un peu plus de r\u00e9pit &#8211; mais pas plus non plus. Arr\u00eatons de penser que l\u2019ab\u00eeme n\u2019est plus l\u00e0.<\/span><\/em><\/p>\n<p class=\"p1\"><em><span class=\"s1\">A cette heure-ci, \u201claisser parler les gens\u201d me semble plus important que jamais. L\u2019Union europ\u00e9enne doit regarder son d\u00e9ficit d\u00e9mocratique en face. Les grandes crises des derni\u00e8res ann\u00e9es &#8211; la crise d\u2019euro, la crise de migration &#8211; ont rendu l\u2019Union beaucoup plus politique que jamais auparavant. Est-elle en m\u00eame temps devenue beaucoup plus d\u00e9mocratique? Pas du tout.<\/span><\/em><\/p>\n<p class=\"p1\"><em><span class=\"s1\">Le pr\u00e9sident fran\u00e7ais Emmanuel Macron a tout \u00e0 fait raison de lancer un appel \u00e0 des Conventions d\u00e9mocratiques en Europe. Mais ne le faisons pas juste avec la soci\u00e9t\u00e9 civile organis\u00e9e, sur base de volont\u00e9 \u00e9ventuelle nationale avec un impact peu assur\u00e9. <\/span><\/em><\/p>\n<p class=\"p1\"><em><span class=\"s1\">Tirons au sort 300 personnes de tous azimuts dans chaque \u00e9tat-membre, donnons-leur plusieurs mois pour s\u2019informer et se concerter afin de trouver 10 id\u00e9es pour am\u00e9liorer l\u2019Europe. Organisons ensuite une grande assembl\u00e9e citoyenne europ\u00e9enne pour regrouper ces id\u00e9es. Soumettons les 25 recommendations de cette assembl\u00e9e aux citoyens d\u2019Europe pendant les prochaines \u00e9lections europ\u00e9ennes. <\/span><\/em><\/p>\n<p class=\"p1\"><em><span class=\"s1\">Au lieu d\u2019un continent divis\u00e9 entre europhiles et eurofobes, nous aurions un agenda de priorit\u00e9s partag\u00e9es. Au lieu d\u2019ali\u00e9ner les citoyens des \u00e9lites politiques, on les aurait rapproch\u00e9s.<\/span><\/em><\/p>\n<p class=\"p1\"><em><span class=\"s1\">Mesdames et Messieurs, de nouvelles m\u00e9thodes pour faire parler les peuples existent. Des pays comme l\u2019Irlande et l\u2019Estonie le d\u00e9montrent. Elles sont simples, efficaces et puissantes. Mais la plupart de nos leaders politiques ont peur de leurs citoyens: \u201cOh! Ils votent pour des populistes! Ils sont contre l\u2019Europe! Ils hurlent sur les r\u00e9seaux sociaux.\u201d <\/span><\/em><\/p>\n<p class=\"p1\"><em><span class=\"s1\">Rappelons la premi\u00e8re le\u00e7on: un citoyen, \u00e7a ne mord pas &#8211; sauf si on ignore ses aboiements. Les \u00e9lecteurs populistes ne sont pas des fascistes. Pas encore. Mais ils peuvent le devenir, au fur et \u00e0 mesure qu\u2019on les abandonne.<\/span><\/em><\/p>\n<p class=\"p1\"><em><span class=\"s1\">Laissons parler les gens, messieurs, dames. Sinon, il n\u2019y aura plus d\u2019Europe.<\/span><\/em><\/p>\n<p class=\"p1\" style=\"text-align: center;\"><em><span class=\"s1\">*<\/span><\/em><\/p>\n<p class=\"p1\"><em><span class=\"s1\">Zinc parle d\u2019une Europe sans Europe, o\u00f9 les puissances retracent les fronti\u00e8res, sans consid\u00e9ration pour les gens d\u2019en bas, ceux qui sont martyris\u00e9s, divis\u00e9s, \u00e9cartel\u00e9s par l\u2019histoire. <\/span><\/em><\/p>\n<p class=\"p1\"><em><span class=\"s1\">Ce livre est le fruit d\u2019un hasard: j\u2019ai eu la chance de rencontrer en Belgique germanophone les descendants d\u2019Emil Rixen, cet homme n\u00e9 en 1902 \u00e0 Moresnet-Neutre qui avait eu 5 nationalit\u00e9s diff\u00e9rentes sans avoir quitt\u00e9 son village natal. Je remercie tout en particulier Katja Rixen, la petite fille d\u2019Emil, de m\u2019avoir parl\u00e9 du parcours remarquable de son grand-p\u00e8re. Je remercie Bettie, Leo, Jacques et Jean, quatre de ses onze enfants, qui m\u2019ont racont\u00e9 de fa\u00e7on g\u00e9n\u00e9reuse et chaleureuse l\u2019histoire de leur p\u00e8re. Le fait qu\u2019ils soient tous l\u00e0 aujourd\u2019hui, avec leurs fr\u00e8res Victor, Raymond et Henry, me touche profond\u00e9ment.<\/span><\/em><\/p>\n<p class=\"p1\"><em><span class=\"s1\">Liebe Freunde aus Ostbelgien, ich bin wirklich sehr ber\u00fchrt, dass ihr alle dabei seid heute und ich begr\u00fcsse euch recht herzlich!<\/span><\/em><\/p>\n<p class=\"p1\"><em><span class=\"s1\">Je remercie Raffaele Simone d\u2019avoir gagn\u00e9 ce prix dans la m\u00eame ann\u00e9e que moi. Un autre penseur libre et ind\u00e9pendant sur l\u2019Europe et la d\u00e9mocratie. Je pense que nous sommes le m\u00eame cerveau, distribu\u00e9 dans deux corps diff\u00e9rents. Le jury aurait pu faire des \u00e9conomies cette ann\u00e9e. <\/span><\/em><\/p>\n<p class=\"p1\"><em><span class=\"s1\">Je remercie Haye Koningsveld et Marijke Nagtegaal des \u00e9ditions De Bezige Bij, deux personnes formidables que j\u2019estime \u00e9norm\u00e9ment. Haye dirige la collection \u201cEssais et Histoire\u201d, Marijke s\u2019occupe des droits internationaux: c\u2019est gr\u00e2ce \u00e0 leur talent et leur \u00e9nergie que mes livres existent et sont disponibles \u00e0 l\u2019\u00e9tranger. Je remercie Wil Hansen, mon brillant r\u00e9dacteur et grand ami de longue date, car chaque texte est une aventure avec lui: cet homme me comprend mieux que moi-m\u00eame. <\/span><\/em><\/p>\n<p class=\"p1\"><em><span class=\"s1\">Lieve Haye, Marijke en Wil: elke dag, elke e-mail, elk taartje in Amsterdam is een feest. <\/span><\/em><\/p>\n<p class=\"p1\"><em><span class=\"s1\">Enfin, je rends hommage \u00e0 un de ces h\u00e9ros invisibles de la mondialisation, une de ces personnes qui ouvrent les portes et les fen\u00eatres de notre monde, et, qu\u2019on oublie trop souvent de mentionner et de remercier, m\u00eame sur le site web de ce magnifique prix. Je parle de mon traducteur Philippe Noble, un honn\u00eate homme \u00e0 qui je donnerai une partie de ce prix. <\/span><\/em><\/p>\n<p class=\"p1\"><em><span class=\"s1\">Je vous remercie tous de tout coeur.\u00a0\u00bb<\/span><\/em><\/p>\n<\/div>\n","protected":false},"excerpt":{"rendered":"<h4>2017, Laur\u00e9at, Roman, Belgique<\/h4>\n<h1><span style=\"font-weight: 200;\">Zinc<\/span><\/h1>\n<h2><span style=\"font-weight: 200;\">David van Reybrouck<\/span><\/p>\n<h2>\n","protected":false},"author":1,"featured_media":5922,"comment_status":"closed","ping_status":"closed","sticky":false,"template":"","format":"standard","meta":{"footnotes":""},"categories":[311],"tags":[273],"genre":[459],"annees":[463],"wps_subtitle":"","_links":{"self":[{"href":"http:\/\/livre-europeen.eu\/index.php?rest_route=\/wp\/v2\/posts\/5856"}],"collection":[{"href":"http:\/\/livre-europeen.eu\/index.php?rest_route=\/wp\/v2\/posts"}],"about":[{"href":"http:\/\/livre-europeen.eu\/index.php?rest_route=\/wp\/v2\/types\/post"}],"author":[{"embeddable":true,"href":"http:\/\/livre-europeen.eu\/index.php?rest_route=\/wp\/v2\/users\/1"}],"replies":[{"embeddable":true,"href":"http:\/\/livre-europeen.eu\/index.php?rest_route=%2Fwp%2Fv2%2Fcomments&post=5856"}],"version-history":[{"count":11,"href":"http:\/\/livre-europeen.eu\/index.php?rest_route=\/wp\/v2\/posts\/5856\/revisions"}],"predecessor-version":[{"id":5947,"href":"http:\/\/livre-europeen.eu\/index.php?rest_route=\/wp\/v2\/posts\/5856\/revisions\/5947"}],"wp:featuredmedia":[{"embeddable":true,"href":"http:\/\/livre-europeen.eu\/index.php?rest_route=\/wp\/v2\/media\/5922"}],"wp:attachment":[{"href":"http:\/\/livre-europeen.eu\/index.php?rest_route=%2Fwp%2Fv2%2Fmedia&parent=5856"}],"wp:term":[{"taxonomy":"category","embeddable":true,"href":"http:\/\/livre-europeen.eu\/index.php?rest_route=%2Fwp%2Fv2%2Fcategories&post=5856"},{"taxonomy":"post_tag","embeddable":true,"href":"http:\/\/livre-europeen.eu\/index.php?rest_route=%2Fwp%2Fv2%2Ftags&post=5856"},{"taxonomy":"genre","embeddable":true,"href":"http:\/\/livre-europeen.eu\/index.php?rest_route=%2Fwp%2Fv2%2Fgenre&post=5856"},{"taxonomy":"annees","embeddable":true,"href":"http:\/\/livre-europeen.eu\/index.php?rest_route=%2Fwp%2Fv2%2Fannees&post=5856"}],"curies":[{"name":"wp","href":"https:\/\/api.w.org\/{rel}","templated":true}]}}