{"id":5253,"date":"2016-07-20T15:46:04","date_gmt":"2016-07-20T14:46:04","guid":{"rendered":"http:\/\/livre-europeen.eu\/?p=5253"},"modified":"2019-04-09T23:43:38","modified_gmt":"2019-04-09T22:43:38","slug":"la-nouvelle-lutte-des-classes-les-vraies-causes-des-refugies-et-du-terrorisme","status":"publish","type":"post","link":"http:\/\/livre-europeen.eu\/?p=5253","title":{"rendered":"La Nouvelle lutte des classes"},"content":{"rendered":"<div class=\"block -medium main\">\n<div class=\"inner\">\n<div class=\"tabs -js-tabs\">\n<table class=\" aligncenter\" style=\"width: 1080px; border-style: none;\">\n<tbody>\n<tr>\n<td style=\"border-style: hidden; text-align: center; vertical-align: top; width: 262px;\">\n<h3>Pr\u00e9-s\u00e9lection 2016<\/h3>\n<h4>cat\u00e9gorie : Essai<br \/>\npays : Slov\u00e9nie<\/h4>\n<p>&nbsp;<\/p>\n<p>&nbsp;<\/td>\n<td style=\"border-style: hidden; vertical-align: top; width: 786px;\">\n<h1>La Nouvelle lutte des classes<\/h1>\n<h2>Slavoj Zizek<\/h2>\n<\/td>\n<\/tr>\n<\/tbody>\n<\/table>\n<\/div>\n<\/div>\n<\/div>\n","protected":false},"excerpt":{"rendered":"<h4>2016, Pr\u00e9-s\u00e9lection, Essai, Slov\u00e9nie<\/h4>\n<h1><span style=\"font-weight: 200;\">La Nouvelle lutte des classes<\/span><\/h1>\n<h2><span style=\"font-weight: 200;\">Slavoj Zizek<\/span><\/p>\n<h2>\n","protected":false},"author":1,"featured_media":0,"comment_status":"closed","ping_status":"closed","sticky":false,"template":"","format":"standard","meta":{"footnotes":""},"categories":[313],"tags":[444],"genre":[457],"annees":[465],"wps_subtitle":"Slavoj Zizek","_links":{"self":[{"href":"http:\/\/livre-europeen.eu\/index.php?rest_route=\/wp\/v2\/posts\/5253"}],"collection":[{"href":"http:\/\/livre-europeen.eu\/index.php?rest_route=\/wp\/v2\/posts"}],"about":[{"href":"http:\/\/livre-europeen.eu\/index.php?rest_route=\/wp\/v2\/types\/post"}],"author":[{"embeddable":true,"href":"http:\/\/livre-europeen.eu\/index.php?rest_route=\/wp\/v2\/users\/1"}],"replies":[{"embeddable":true,"href":"http:\/\/livre-europeen.eu\/index.php?rest_route=%2Fwp%2Fv2%2Fcomments&post=5253"}],"version-history":[{"count":7,"href":"http:\/\/livre-europeen.eu\/index.php?rest_route=\/wp\/v2\/posts\/5253\/revisions"}],"predecessor-version":[{"id":10486,"href":"http:\/\/livre-europeen.eu\/index.php?rest_route=\/wp\/v2\/posts\/5253\/revisions\/10486"}],"wp:attachment":[{"href":"http:\/\/livre-europeen.eu\/index.php?rest_route=%2Fwp%2Fv2%2Fmedia&parent=5253"}],"wp:term":[{"taxonomy":"category","embeddable":true,"href":"http:\/\/livre-europeen.eu\/index.php?rest_route=%2Fwp%2Fv2%2Fcategories&post=5253"},{"taxonomy":"post_tag","embeddable":true,"href":"http:\/\/livre-europeen.eu\/index.php?rest_route=%2Fwp%2Fv2%2Ftags&post=5253"},{"taxonomy":"genre","embeddable":true,"href":"http:\/\/livre-europeen.eu\/index.php?rest_route=%2Fwp%2Fv2%2Fgenre&post=5253"},{"taxonomy":"annees","embeddable":true,"href":"http:\/\/livre-europeen.eu\/index.php?rest_route=%2Fwp%2Fv2%2Fannees&post=5253"}],"curies":[{"name":"wp","href":"https:\/\/api.w.org\/{rel}","templated":true}]}}