{"id":5220,"date":"2016-07-20T13:06:47","date_gmt":"2016-07-20T12:06:47","guid":{"rendered":"http:\/\/livre-europeen.eu\/?p=5220"},"modified":"2022-08-13T16:11:16","modified_gmt":"2022-08-13T15:11:16","slug":"sandrine-treiner","status":"publish","type":"post","link":"http:\/\/livre-europeen.eu\/?p=5220","title":{"rendered":"Sandrine Treiner"},"content":{"rendered":"<div class=\"block -medium main\">\n<div class=\"inner\">\n<div class=\"tabs -js-tabs\">\n<table class=\" aligncenter\" style=\"width: 1080px; border-style: none; height: 498px;\">\n<tbody>\n<tr style=\"height: 498px;\">\n<td style=\"border-style: hidden; text-align: center; vertical-align: top; width: 262px; height: 498px;\">\n<h3>Membre du jury<br \/>\n2022, 2020, 2019, 2018, 2017, 2016<\/h3>\n<h4>pays : France<\/h4>\n<p>&nbsp;<\/p>\n<p><img loading=\"lazy\" decoding=\"async\" class=\"attachment-266x266 size-266x266\" src=\"http:\/\/livre-europeen.eu\/wp-content\/uploads\/2019\/09\/S.-Treiner-150x150-1.jpg\" alt=\"\" width=\"150\" height=\"150\" \/><\/td>\n<td style=\"border-style: hidden; vertical-align: top; width: 786px; height: 498px;\">\n<h1>Sandrine Treiner<\/h1>\n<h2>Directrice &#8211; France Culture<\/h2>\n<hr \/>\n<p class=\"p1\"><span class=\"s1\"><strong>Sandrine Treiner<\/strong> commence sa carri\u00e8re professionnelle au journal \u00ab\u00a0Le Monde\u00a0\u00bb au service litt\u00e9raire et suppl\u00e9ment radio-t\u00e9l\u00e9vision. De 1998 \u00e0 2008, elle est r\u00e9dactrice en chef et coproductrice de l\u2019\u00e9mission de France 3 <i>Un livre, un jour<\/i>. Elle est \u00e9galement conseill\u00e8re \u00e9ditoriale et r\u00e9dactrice en chef-adjointe de l\u2019\u00e9mission quotidienne <i>Ce soir ou jamais<\/i> entre 2006 et 2009.<\/span><\/p>\n<p class=\"p1\"><span class=\"s1\">En 2009, Sandrine Treiner rejoint France 24 en qualit\u00e9 de r\u00e9dactrice en chef des magazines de la culture, des grands entretiens et des d\u00e9bats. En ao\u00fbt 2010, elle int\u00e8gre France Culture\u00a0comme chroniqueuse pour la litt\u00e9rature et le cin\u00e9ma \u00e0\u00a0<i>La grande table<\/i>, avant d\u2019\u00eatre recommand\u00e9e au poste de conseill\u00e8re de programmes de la cha\u00eene en octobre 2010. En 2011, elle devient directrice-adjointe de France Culture charg\u00e9e de l&rsquo;\u00e9ditorial. <\/span><\/p>\n<p class=\"p1\"><span class=\"s1\">En juillet 2015, elle assure l&rsquo;int\u00e9rim \u00e0 la t\u00eate de France Culture avant d&rsquo;\u00eatre nomm\u00e9e directrice en titre et de prendre ses fonctions le\u00a01<sup>er<\/sup> septembre.<\/span><\/p>\n<\/td>\n<\/tr>\n<\/tbody>\n<\/table>\n<\/div>\n<\/div>\n<\/div>\n","protected":false},"excerpt":{"rendered":"<h4>2018, 2017, 2016, Membre du jury, France<\/h4>\n<h1><span style=\"font-weight: 200;\">Sandrine Treiner<\/span><\/h1>\n<h2><span style=\"font-weight: 200;\">Directrice &#8211; France Culture<\/span><\/p>\n<h2>\n","protected":false},"author":1,"featured_media":10943,"comment_status":"closed","ping_status":"closed","sticky":false,"template":"","format":"standard","meta":{"footnotes":""},"categories":[321],"tags":[388],"genre":[],"annees":[576,850,862,490,461,463,465],"wps_subtitle":"","_links":{"self":[{"href":"http:\/\/livre-europeen.eu\/index.php?rest_route=\/wp\/v2\/posts\/5220"}],"collection":[{"href":"http:\/\/livre-europeen.eu\/index.php?rest_route=\/wp\/v2\/posts"}],"about":[{"href":"http:\/\/livre-europeen.eu\/index.php?rest_route=\/wp\/v2\/types\/post"}],"author":[{"embeddable":true,"href":"http:\/\/livre-europeen.eu\/index.php?rest_route=\/wp\/v2\/users\/1"}],"replies":[{"embeddable":true,"href":"http:\/\/livre-europeen.eu\/index.php?rest_route=%2Fwp%2Fv2%2Fcomments&post=5220"}],"version-history":[{"count":18,"href":"http:\/\/livre-europeen.eu\/index.php?rest_route=\/wp\/v2\/posts\/5220\/revisions"}],"predecessor-version":[{"id":11824,"href":"http:\/\/livre-europeen.eu\/index.php?rest_route=\/wp\/v2\/posts\/5220\/revisions\/11824"}],"wp:featuredmedia":[{"embeddable":true,"href":"http:\/\/livre-europeen.eu\/index.php?rest_route=\/wp\/v2\/media\/10943"}],"wp:attachment":[{"href":"http:\/\/livre-europeen.eu\/index.php?rest_route=%2Fwp%2Fv2%2Fmedia&parent=5220"}],"wp:term":[{"taxonomy":"category","embeddable":true,"href":"http:\/\/livre-europeen.eu\/index.php?rest_route=%2Fwp%2Fv2%2Fcategories&post=5220"},{"taxonomy":"post_tag","embeddable":true,"href":"http:\/\/livre-europeen.eu\/index.php?rest_route=%2Fwp%2Fv2%2Ftags&post=5220"},{"taxonomy":"genre","embeddable":true,"href":"http:\/\/livre-europeen.eu\/index.php?rest_route=%2Fwp%2Fv2%2Fgenre&post=5220"},{"taxonomy":"annees","embeddable":true,"href":"http:\/\/livre-europeen.eu\/index.php?rest_route=%2Fwp%2Fv2%2Fannees&post=5220"}],"curies":[{"name":"wp","href":"https:\/\/api.w.org\/{rel}","templated":true}]}}