{"id":5218,"date":"2016-07-20T13:10:22","date_gmt":"2016-07-20T12:10:22","guid":{"rendered":"http:\/\/livre-europeen.eu\/?p=5218"},"modified":"2025-06-29T13:11:48","modified_gmt":"2025-06-29T12:11:48","slug":"alexia-kefalas","status":"publish","type":"post","link":"http:\/\/livre-europeen.eu\/?p=5218","title":{"rendered":"Alexia Kefalas"},"content":{"rendered":"<div class=\"block -medium main\">\n<div class=\"inner\">\n<div class=\"tabs -js-tabs\">\n<table class=\" aligncenter\" style=\"width: 1080px; border-style: none;\">\n<tbody>\n<tr>\n<td style=\"border-style: hidden; text-align: center; vertical-align: top; width: 262px;\">\n<h3>Membre du jury<br \/>\n2024, 2023, 2022, 2020, 2019, 2018, 2017, 2016<\/h3>\n<h4>pays : Gr\u00e8ce<\/h4>\n<p>&nbsp;<\/p>\n<p><img loading=\"lazy\" decoding=\"async\" class=\"_s0 _4ooo _1x2_ _1ve7 _2_qp img\" src=\"https:\/\/scontent-cdg2-1.xx.fbcdn.net\/v\/t1.0-0\/c70.66.821.821a\/s526x395\/394722_480693741960440_1709644088_n.jpg?_nc_cat=111&amp;_nc_oc=AQn2cGMFeYHoAahsv_VCN-hWe0x_REKa4QLh4FvHAToooNX-874_NvDlz8-bg440EJB5pgxz0-jqszueTh_JzwdY&amp;_nc_ht=scontent-cdg2-1.xx&amp;oh=af10995af6d312542e54c721f3aed0d6&amp;oe=5DC8728F\" alt=\"\" width=\"168\" height=\"168\" \/><\/td>\n<td style=\"border-style: hidden; vertical-align: top; width: 786px;\">\n<h1>Alexia Kefalas<\/h1>\n<h2>Journaliste \u00e0 <em>Ta Nea<\/em>, correspondante en Gr\u00e8ce pour <em>Le Point,<\/em> <em>France 24<\/em><\/h2>\n<hr \/>\n<p class=\"p1\"><span class=\"s1\">Apr\u00e8s des \u00e9tudes en France, au cours desquelles elle travailla comme correspondante du quotidien grec \u00ab\u00a0Ta Nea\u00a0\u00bb, <strong>Alexia Kefalas<\/strong> est retourn\u00e9e en Gr\u00e8ce, o\u00f9 elle collabore au quotidien grec \u00ab\u00a0Kathimerini\u00a0\u00bb et est correspondante du \u00ab\u00a0Figaro\u00a0\u00bb, de \u00ab\u00a0Courrier International\u00a0\u00bb ainsi que des cha\u00eenes de t\u00e9l\u00e9vision France 24, TV5MONDE, TSR et de la radio RTL.\u00a0<\/span><\/p>\n<\/td>\n<\/tr>\n<\/tbody>\n<\/table>\n<p style=\"text-align: justify;\">\n<\/div>\n<\/div>\n<\/div>\n","protected":false},"excerpt":{"rendered":"<h4>2018, 2017, 2016, Membre du jury, Gr\u00e8ce<\/h4>\n<h1><span style=\"font-weight: 200;\">Alexia Kefalas<\/span><\/h1>\n<h2><span style=\"font-weight: 200;\">Journaliste \u00e0 Ta Nea, correspondante en Gr\u00e8ce pour Le Point, France 24<\/span><\/p>\n<h2>\n","protected":false},"author":1,"featured_media":10925,"comment_status":"closed","ping_status":"closed","sticky":false,"template":"","format":"standard","meta":{"footnotes":""},"categories":[321],"tags":[361],"genre":[],"annees":[881,887,576,862,866,490,461,463,465],"wps_subtitle":"","_links":{"self":[{"href":"http:\/\/livre-europeen.eu\/index.php?rest_route=\/wp\/v2\/posts\/5218"}],"collection":[{"href":"http:\/\/livre-europeen.eu\/index.php?rest_route=\/wp\/v2\/posts"}],"about":[{"href":"http:\/\/livre-europeen.eu\/index.php?rest_route=\/wp\/v2\/types\/post"}],"author":[{"embeddable":true,"href":"http:\/\/livre-europeen.eu\/index.php?rest_route=\/wp\/v2\/users\/1"}],"replies":[{"embeddable":true,"href":"http:\/\/livre-europeen.eu\/index.php?rest_route=%2Fwp%2Fv2%2Fcomments&post=5218"}],"version-history":[{"count":20,"href":"http:\/\/livre-europeen.eu\/index.php?rest_route=\/wp\/v2\/posts\/5218\/revisions"}],"predecessor-version":[{"id":12326,"href":"http:\/\/livre-europeen.eu\/index.php?rest_route=\/wp\/v2\/posts\/5218\/revisions\/12326"}],"wp:featuredmedia":[{"embeddable":true,"href":"http:\/\/livre-europeen.eu\/index.php?rest_route=\/wp\/v2\/media\/10925"}],"wp:attachment":[{"href":"http:\/\/livre-europeen.eu\/index.php?rest_route=%2Fwp%2Fv2%2Fmedia&parent=5218"}],"wp:term":[{"taxonomy":"category","embeddable":true,"href":"http:\/\/livre-europeen.eu\/index.php?rest_route=%2Fwp%2Fv2%2Fcategories&post=5218"},{"taxonomy":"post_tag","embeddable":true,"href":"http:\/\/livre-europeen.eu\/index.php?rest_route=%2Fwp%2Fv2%2Ftags&post=5218"},{"taxonomy":"genre","embeddable":true,"href":"http:\/\/livre-europeen.eu\/index.php?rest_route=%2Fwp%2Fv2%2Fgenre&post=5218"},{"taxonomy":"annees","embeddable":true,"href":"http:\/\/livre-europeen.eu\/index.php?rest_route=%2Fwp%2Fv2%2Fannees&post=5218"}],"curies":[{"name":"wp","href":"https:\/\/api.w.org\/{rel}","templated":true}]}}