{"id":5096,"date":"2015-07-20T15:00:05","date_gmt":"2015-07-20T14:00:05","guid":{"rendered":"http:\/\/livre-europeen.eu\/?p=5096"},"modified":"2019-04-09T18:01:34","modified_gmt":"2019-04-09T17:01:34","slug":"erri-de-luca","status":"publish","type":"post","link":"http:\/\/livre-europeen.eu\/?p=5096","title":{"rendered":"Erri De Luca"},"content":{"rendered":"<div class=\"block -medium main\">\n<div class=\"inner\">\n<div class=\"tabs -js-tabs\">\n<table class=\" aligncenter\" style=\"width: 1080px; border-style: none;\">\n<tbody>\n<tr>\n<td style=\"border-style: hidden; text-align: center; vertical-align: top; width: 262px;\">\n<h3>Pr\u00e9sident du jury 2015<\/h3>\n<h4>pays : Italie<\/h4>\n<p>&nbsp;<\/p>\n<p><strong><img loading=\"lazy\" decoding=\"async\" class=\"alignnone wp-image-5098 size-thumbnail\" src=\"http:\/\/livre-europeen.eu\/wp-content\/uploads\/2015\/07\/erri-de-luca-150x150.jpeg\" alt=\"\" width=\"150\" height=\"150\" \/><\/strong><\/td>\n<td style=\"border-style: hidden; vertical-align: top; width: 786px;\">\n<h1>Erri De Luca<\/h1>\n<h2>\u00c9crivain<\/h2>\n<hr \/>\n<p class=\"p1\"><span class=\"s1\"><strong>Erri De Luca<\/strong> est un \u00e9crivain, po\u00e8te et traducteur italien. Il a obtenu en 2002 le prix Femina \u00e9tranger pour \u00ab\u00a0Montedidio\u00a0\u00bb, le Prix europ\u00e9en de litt\u00e9rature en 2013 et le Prix Ulysse\u00a0pour l&rsquo;ensemble de son \u0153uvre. Il collabore par ailleurs \u00e0 plusieurs journaux italiens.<\/span><\/p>\n<p class=\"p1\"><span class=\"s1\">N\u00e9 \u00e0 Naples en 1950, Erri De Luca, tr\u00e8s t\u00f4t conscient des r\u00e9alit\u00e9s politiques, a \u00e9t\u00e9 tour \u00e0 tour militant d\u2019extr\u00eame gauche dans les ann\u00e9es soixante-dix, ouvrier dans l\u2019industrie automobile, magasinier \u00e0 l\u2019a\u00e9roport de Catane, ma\u00e7on sur des chantiers en Italie, en France et en Afrique, conducteur de convois humanitaires en Bosnie, alpiniste \u00e9m\u00e9rite. Erri de Luca a du monde et des hommes une exp\u00e9rience riche, multiple, rebelle aussi\u00a0: son opposition au projet de TGV Lyon-Turin lui a valu une accusation d\u2019incitation au sabotage avant une relaxe en octobre 2015. Naples, sa ville natale, constitue la toile de fond de l\u2019ensemble de ses romans qui ont tous une forte composante autobiographique.<\/span><\/p>\n<\/td>\n<\/tr>\n<\/tbody>\n<\/table>\n<p style=\"text-align: justify;\">\n<\/div>\n<\/div>\n<\/div>\n","protected":false},"excerpt":{"rendered":"<h4>2015, Pr\u00e9sident du Jury, Italie<\/h4>\n<h1><span style=\"font-weight: 200;\">Erri De Luca<\/span><\/h1>\n<h2><span style=\"font-weight: 200;\">\u00c9crivainr<\/span><\/p>\n<h2>\n","protected":false},"author":1,"featured_media":5098,"comment_status":"closed","ping_status":"closed","sticky":false,"template":"","format":"standard","meta":{"footnotes":""},"categories":[321],"tags":[367],"genre":[565],"annees":[467],"wps_subtitle":"","_links":{"self":[{"href":"http:\/\/livre-europeen.eu\/index.php?rest_route=\/wp\/v2\/posts\/5096"}],"collection":[{"href":"http:\/\/livre-europeen.eu\/index.php?rest_route=\/wp\/v2\/posts"}],"about":[{"href":"http:\/\/livre-europeen.eu\/index.php?rest_route=\/wp\/v2\/types\/post"}],"author":[{"embeddable":true,"href":"http:\/\/livre-europeen.eu\/index.php?rest_route=\/wp\/v2\/users\/1"}],"replies":[{"embeddable":true,"href":"http:\/\/livre-europeen.eu\/index.php?rest_route=%2Fwp%2Fv2%2Fcomments&post=5096"}],"version-history":[{"count":7,"href":"http:\/\/livre-europeen.eu\/index.php?rest_route=\/wp\/v2\/posts\/5096\/revisions"}],"predecessor-version":[{"id":10142,"href":"http:\/\/livre-europeen.eu\/index.php?rest_route=\/wp\/v2\/posts\/5096\/revisions\/10142"}],"wp:featuredmedia":[{"embeddable":true,"href":"http:\/\/livre-europeen.eu\/index.php?rest_route=\/wp\/v2\/media\/5098"}],"wp:attachment":[{"href":"http:\/\/livre-europeen.eu\/index.php?rest_route=%2Fwp%2Fv2%2Fmedia&parent=5096"}],"wp:term":[{"taxonomy":"category","embeddable":true,"href":"http:\/\/livre-europeen.eu\/index.php?rest_route=%2Fwp%2Fv2%2Fcategories&post=5096"},{"taxonomy":"post_tag","embeddable":true,"href":"http:\/\/livre-europeen.eu\/index.php?rest_route=%2Fwp%2Fv2%2Ftags&post=5096"},{"taxonomy":"genre","embeddable":true,"href":"http:\/\/livre-europeen.eu\/index.php?rest_route=%2Fwp%2Fv2%2Fgenre&post=5096"},{"taxonomy":"annees","embeddable":true,"href":"http:\/\/livre-europeen.eu\/index.php?rest_route=%2Fwp%2Fv2%2Fannees&post=5096"}],"curies":[{"name":"wp","href":"https:\/\/api.w.org\/{rel}","templated":true}]}}