{"id":5054,"date":"2015-05-29T18:42:20","date_gmt":"2015-05-29T17:42:20","guid":{"rendered":"http:\/\/livre-europeen.eu\/?p=5054"},"modified":"2019-02-18T11:21:34","modified_gmt":"2019-02-18T10:21:34","slug":"un-messager-pour-leurope","status":"publish","type":"post","link":"http:\/\/livre-europeen.eu\/?p=5054","title":{"rendered":"Un messager pour l\u2019Europe"},"content":{"rendered":"<div class=\"block -medium main\">\n<div class=\"inner\">\n<div class=\"tabs -js-tabs\">\n<table class=\" aligncenter\" style=\"width: 1080px; border-style: none;\">\n<tbody>\n<tr>\n<td style=\"border-style: hidden; text-align: center; vertical-align: top; width: 262px;\">\n<h3>9\u00e8me laur\u00e9at du prix du livre europ\u00e9en<\/h3>\n<h4>cat\u00e9gorie : Essai<br \/>\npays : Autriche<\/h4>\n<p><strong><img loading=\"lazy\" decoding=\"async\" class=\"alignnone wp-image-5125 size-full\" src=\"http:\/\/livre-europeen.eu\/wp-content\/uploads\/2015\/12\/9782283028322.jpg\" alt=\"\" width=\"420\" height=\"615\" srcset=\"http:\/\/livre-europeen.eu\/wp-content\/uploads\/2015\/12\/9782283028322.jpg 420w, http:\/\/livre-europeen.eu\/wp-content\/uploads\/2015\/12\/9782283028322-205x300.jpg 205w\" sizes=\"(max-width: 420px) 100vw, 420px\" \/><\/strong><\/p>\n<p>&nbsp;<\/td>\n<td style=\"border-style: hidden; vertical-align: top; width: 786px;\">\n<h1>Un messager pour l\u2019Europe<\/h1>\n<h2>Robert Menasse<\/h2>\n<hr \/>\n<ul>\n<li><strong>Parution : <\/strong>2015<\/li>\n<li><strong>Editeur : <\/strong>Buchet Chastel<\/li>\n<li><strong>Titre original : <\/strong>Der europa\u00efsche Landbote. Die Wut des B\u00fcger und der Friede Europas.<\/li>\n<li><strong>Editions originales : <\/strong>Paul Zsolnay, Vienne, 2012<\/li>\n<\/ul>\n<hr \/>\n<span class=\"su-dropcap su-dropcap-style-flat\" style=\"font-size:1.5em\">C<\/span>omment redonner confiance en l\u2019Union europ\u00e9enne, alors m\u00eame que l\u2019Europe traverse une crise sans pr\u00e9c\u00e9dent, et que les politiques comme les citoyens de ses \u00c9tats membres ne cessent de la d\u00e9fier\u00a0?<br \/>\nC\u2019est la question \u00e0 laquelle s\u2019attelle Robert Menasse dans cet essai instructif, souvent dr\u00f4le et franchement vivifiant. Europ\u00e9en convaincu, Menasse d\u00e9cide de plonger en ethnologue au c\u0153ur des institutions de l\u2019Union et enqu\u00eate \u00e0 Bruxelles aupr\u00e8s des hommes et des femmes qui travaillent \u00e0 la r\u00e9alisation du projet europ\u00e9en. C\u2019est de cette faune cosmopolite et engag\u00e9e que l\u2019auteur s\u2019inspire. Il livre ici un vibrant plaidoyer pour que l\u2019Europe, n\u00e9e au lendemain de la Seconde Guerre mondiale dans une volont\u00e9 de d\u00e9passer les nationalismes, mais surtout ses citoyens ne perdent jamais de vue la paix durable et la prosp\u00e9rit\u00e9 que ces institutions supranationales nous ont assur\u00e9es.<br \/>\nD\u00e9fense de l\u2019Europe dans ses fondements, <i>Un messager pour l\u2019Europe<\/i>, loin de se limiter \u00e0 un projet hagiographique, aide \u00e0 penser les enjeux de la construction europ\u00e9enne et son avenir.<\/td>\n<\/tr>\n<\/tbody>\n<\/table>\n<\/div>\n<p>&nbsp;<\/p>\n<\/div>\n<\/div>\n<div class=\"block -medium main\"><\/div>\n","protected":false},"excerpt":{"rendered":"<h4>2015, Laur\u00e9at, Essai, Autriche<\/h4>\n<h1><span style=\"font-weight: 200;\">Un messager pour l\u2019Europe<\/span><\/h1>\n<h2><span style=\"font-weight: 200;\">Robert Menasse<\/span><\/p>\n<h2>\n","protected":false},"author":1,"featured_media":5125,"comment_status":"closed","ping_status":"closed","sticky":false,"template":"","format":"standard","meta":{"footnotes":""},"categories":[311],"tags":[346],"genre":[457],"annees":[467],"wps_subtitle":"","_links":{"self":[{"href":"http:\/\/livre-europeen.eu\/index.php?rest_route=\/wp\/v2\/posts\/5054"}],"collection":[{"href":"http:\/\/livre-europeen.eu\/index.php?rest_route=\/wp\/v2\/posts"}],"about":[{"href":"http:\/\/livre-europeen.eu\/index.php?rest_route=\/wp\/v2\/types\/post"}],"author":[{"embeddable":true,"href":"http:\/\/livre-europeen.eu\/index.php?rest_route=\/wp\/v2\/users\/1"}],"replies":[{"embeddable":true,"href":"http:\/\/livre-europeen.eu\/index.php?rest_route=%2Fwp%2Fv2%2Fcomments&post=5054"}],"version-history":[{"count":12,"href":"http:\/\/livre-europeen.eu\/index.php?rest_route=\/wp\/v2\/posts\/5054\/revisions"}],"predecessor-version":[{"id":9766,"href":"http:\/\/livre-europeen.eu\/index.php?rest_route=\/wp\/v2\/posts\/5054\/revisions\/9766"}],"wp:featuredmedia":[{"embeddable":true,"href":"http:\/\/livre-europeen.eu\/index.php?rest_route=\/wp\/v2\/media\/5125"}],"wp:attachment":[{"href":"http:\/\/livre-europeen.eu\/index.php?rest_route=%2Fwp%2Fv2%2Fmedia&parent=5054"}],"wp:term":[{"taxonomy":"category","embeddable":true,"href":"http:\/\/livre-europeen.eu\/index.php?rest_route=%2Fwp%2Fv2%2Fcategories&post=5054"},{"taxonomy":"post_tag","embeddable":true,"href":"http:\/\/livre-europeen.eu\/index.php?rest_route=%2Fwp%2Fv2%2Ftags&post=5054"},{"taxonomy":"genre","embeddable":true,"href":"http:\/\/livre-europeen.eu\/index.php?rest_route=%2Fwp%2Fv2%2Fgenre&post=5054"},{"taxonomy":"annees","embeddable":true,"href":"http:\/\/livre-europeen.eu\/index.php?rest_route=%2Fwp%2Fv2%2Fannees&post=5054"}],"curies":[{"name":"wp","href":"https:\/\/api.w.org\/{rel}","templated":true}]}}