{"id":5040,"date":"2015-05-11T18:27:45","date_gmt":"2015-05-11T17:27:45","guid":{"rendered":"http:\/\/livre-europeen.eu\/?p=5040"},"modified":"2019-02-13T12:57:23","modified_gmt":"2019-02-13T11:57:23","slug":"la-suisse-ou-le-genie-de-la-dependance","status":"publish","type":"post","link":"http:\/\/livre-europeen.eu\/?p=5040","title":{"rendered":"La Suisse ou le g\u00e9nie de la d\u00e9pendance"},"content":{"rendered":"<p><strong>Jo\u00eblle Kuntz<\/strong><br \/>\nSuisse<br \/>\n<em>Editions Zo\u00e9 (2013)<\/em><\/p>\n","protected":false},"excerpt":{"rendered":"<p><strong>Jo\u00eblle Kuntz<\/strong><br \/>\nSuisse<br \/>\n<em>Editions Zo\u00e9 (2013)<\/em><\/p>\n","protected":false},"author":1,"featured_media":0,"comment_status":"closed","ping_status":"closed","sticky":false,"template":"","format":"standard","meta":{"footnotes":""},"categories":[313],"tags":[],"genre":[457],"annees":[467],"wps_subtitle":"","_links":{"self":[{"href":"http:\/\/livre-europeen.eu\/index.php?rest_route=\/wp\/v2\/posts\/5040"}],"collection":[{"href":"http:\/\/livre-europeen.eu\/index.php?rest_route=\/wp\/v2\/posts"}],"about":[{"href":"http:\/\/livre-europeen.eu\/index.php?rest_route=\/wp\/v2\/types\/post"}],"author":[{"embeddable":true,"href":"http:\/\/livre-europeen.eu\/index.php?rest_route=\/wp\/v2\/users\/1"}],"replies":[{"embeddable":true,"href":"http:\/\/livre-europeen.eu\/index.php?rest_route=%2Fwp%2Fv2%2Fcomments&post=5040"}],"version-history":[{"count":1,"href":"http:\/\/livre-europeen.eu\/index.php?rest_route=\/wp\/v2\/posts\/5040\/revisions"}],"predecessor-version":[{"id":5041,"href":"http:\/\/livre-europeen.eu\/index.php?rest_route=\/wp\/v2\/posts\/5040\/revisions\/5041"}],"wp:attachment":[{"href":"http:\/\/livre-europeen.eu\/index.php?rest_route=%2Fwp%2Fv2%2Fmedia&parent=5040"}],"wp:term":[{"taxonomy":"category","embeddable":true,"href":"http:\/\/livre-europeen.eu\/index.php?rest_route=%2Fwp%2Fv2%2Fcategories&post=5040"},{"taxonomy":"post_tag","embeddable":true,"href":"http:\/\/livre-europeen.eu\/index.php?rest_route=%2Fwp%2Fv2%2Ftags&post=5040"},{"taxonomy":"genre","embeddable":true,"href":"http:\/\/livre-europeen.eu\/index.php?rest_route=%2Fwp%2Fv2%2Fgenre&post=5040"},{"taxonomy":"annees","embeddable":true,"href":"http:\/\/livre-europeen.eu\/index.php?rest_route=%2Fwp%2Fv2%2Fannees&post=5040"}],"curies":[{"name":"wp","href":"https:\/\/api.w.org\/{rel}","templated":true}]}}