{"id":3266,"date":"2014-10-05T21:35:53","date_gmt":"2014-10-05T20:35:53","guid":{"rendered":"http:\/\/livre-europeen.eu\/new2014\/?p=3266"},"modified":"2019-02-13T12:57:24","modified_gmt":"2019-02-13T11:57:24","slug":"hotel-europe","status":"publish","type":"post","link":"http:\/\/livre-europeen.eu\/?p=3266","title":{"rendered":"H\u00f4tel Europe"},"content":{"rendered":"<h3>Bernard Henri L\u00e9vy<\/h3>\n<p><b>Informations g\u00e9n\u00e9rales<\/b><\/p>\n<p>224 pages<br \/>\n<i>Editions Grasset<br \/>\n<\/i><i>Septembre 2014<\/i><\/p>\n<p><b>Biographie de l\u2019auteur<\/b><\/p>\n<p><b>Bernard-Henry L\u00e9vy <\/b>\u00a0n\u00e9 le 5 novembre 1948 en Alg\u00e9rie, Bernard Henry L\u00e9vy est un \u00e9ditorialiste, un philosophe et un essayiste engag\u00e9. Issu d&rsquo;une famille ais\u00e9e, Bernard Henry L\u00e9vy, qu\u2019on surnomme BHL, grandit \u00e0 Neuilly-sur-Seine. En 1968, il int\u00e8gre l\u2019Ecole Normale Sup\u00e9rieure et, parall\u00e8lement, r\u00e9dige ses premiers reportages sur le Mexique et sur l\u2019Irlande du Nord. En 1973, suite \u00e0 un voyage durant la Guerre de Lib\u00e9ration contre le Pakistan, il sort son premier livre intitul\u00e9 \u00ab\u00a0Bangladesh\u00a0\u00bb. Bernard Henry cr\u00e9e la collection \u00ab\u00a0Figures\u00a0\u00bb chez Grasset. Conseiller de Fran\u00e7ois Mitterrand jusqu\u2019en 1976, il est aussi le r\u00e9dacteur en chef du magazine \u00ab\u00a0Les nouvelles litt\u00e9raires\u00a0\u00bb. En 1977, il publie chez Grasset un livre intitul\u00e9 \u00ab\u00a0La Barbarie \u00e0 visage humain\u00a0\u00bb. Cet ouvrage marque l&rsquo;\u00e9mergence du \u00ab\u00a0ph\u00e9nom\u00e8ne m\u00e9diatique BHL\u00a0\u00bb. Le philosophe se pr\u00e9sente comme le porte-drapeau d\u2019une id\u00e9ologie qui d\u00e9nonce le fascisme et le stalinisme. En 1980, il r\u00e9dige la charte de l&rsquo;association de l&rsquo;Action Internationale Contre La Faim. Sa carri\u00e8re litt\u00e9raire est r\u00e9compens\u00e9e\u00a0: il re\u00e7oit le prix M\u00e9dicis pour son roman \u00ab\u00a0Le diable en t\u00eate\u00a0\u00bb. Dans les ann\u00e9es 1990, apr\u00e8s sa rencontre avec la com\u00e9dienne Arielle Dombasle, il s\u2019essaie au cin\u00e9ma. Il pr\u00e9sente \u00ab\u00a0Bosna\u00a0\u00bb et \u00ab\u00a0Le jour et la nuit\u00a0\u00bb o\u00f9 son \u00e9pouse est mise en sc\u00e8ne. A compter de 2000, il s\u2019invite sur la sc\u00e8ne politique internationale et publie des ouvrages sur l\u2019Afghanistan et les Etats-Unis. En 2011, il cr\u00e9e le prix Saint-Germain qui distingue une \u0153uvre cin\u00e9matographique. La m\u00eame ann\u00e9e, la revue am\u00e9ricaine Foreign Policy le consacre comme \u00e9tant la vingt-deuxi\u00e8me personnalit\u00e9 la plus influente au monde.<\/p>\n<p><b>Pr\u00e9sentation de l\u2019\u00e9diteur<\/b><\/p>\n<p>Deux textes en v\u00e9rit\u00e9.<br \/>\nD\u2019abord\u00a0H\u00f4tel Europe, monologue en cinq actes, dont l&rsquo;action se d\u00e9roule le 27 juin 2014, \u00e0 Sarajevo, en pleine c\u00e9r\u00e9monie de comm\u00e9moration du d\u00e9clenchement de la guerre de 1914. Un homme, sans doute un \u00e9crivain, est enferm\u00e9 entre les quatre murs d&rsquo;une chambre d&rsquo;h\u00f4tel qu&rsquo;il a connue vingt ans plus t\u00f4t et o\u00f9 il est cens\u00e9 pr\u00e9parer le discours qui lui a \u00e9t\u00e9 command\u00e9 pour la circonstance et qui doit porter sur l&rsquo;Europe, ses valeurs constitutives, son futur et l\u2019\u00e9tat pr\u00e9sent de son esprit. Il est seul. Le monde ext\u00e9rieur ne lui parvient qu\u2019\u00e0 travers l\u2019indistincte clameur qui monte de la rue en f\u00eate. Et il a, pos\u00e9 devant lui, un ordinateur o\u00f9 il navigue en qu\u00eate de vieilles photos, de documents vagues, d\u2019inspiration.<br \/>\nEnsuite,\u00a0Nouvelles vues sur l\u2019Europe, un essai philosophico-politique d\u00e9veloppant ou \u00e9lucidant les points les plus \u00e9nigmatiques du texte th\u00e9\u00e2tral. Il y est question de Husserl, de Heidegger, de la mont\u00e9e des populismes et des souverainismes, du malaise (ou de l\u2019impasse\u2026) dans la civilisation d\u2019aujourd&rsquo;hui ainsi que des progr\u00e8s, partout, du nihilisme \u2013 et puis, aussi, de la fa\u00e7on dont peut et doit se nouer, ici et maintenant, le triple fil, constitutif du g\u00e9nie europ\u00e9en, de l\u2019esprit d\u2019Ath\u00e8nes, de celui de Rome et du g\u00e9nie de J\u00e9rusalem. Un diagnostic. Des solutions. Et des raisons de croire et d\u2019esp\u00e9rer.<\/p>\n<p><b>Extraits<\/b><\/p>\n<p>(Un homme, seul en sc\u00e8ne ; un ordinateur face \u00e0 lui ; pr\u00e8s de l&rsquo;ordinateur, sur la m\u00eame table, un portable qui se signalera r\u00e9guli\u00e8rement par ses \u00abclings\u00bb ; dans la main, une feuille de papier &#8211; qu&rsquo;il lit.) \u00abPeuples d&rsquo;Europe ! C&rsquo;est ici, il y a un si\u00e8cle, le 28 juin 1914, que Gabrielo Princip&#8230;\u00bb Non ! C&rsquo;est idiot ! (Il repose la feuille.) Un Serbe ne peut pas s&rsquo;appeler Gabrielo ! Voyons voir&#8230; (Cling de sms, qu&rsquo;il ignore.) Google est mon ami&#8230; Princip&#8230; (Il a, dans la barre de t\u00e2ches Google de son PC, reproduite en grand, sur le mur, derri\u00e8re lui, tap\u00e9 \u00abPrincip\u00bb.) Voil\u00e0&#8230; Gavrilo, bien s\u00fbr&#8230; \u00abC&rsquo;est ici que Gavrilo Princip (il a repris sa feuille et, au stylo, corrige), l&rsquo;assassin de Fran\u00e7ois-Ferdinand, donna le coup d&rsquo;envoi de la guerre de 1914. Et je suis l\u00e0, amis de Sarajevo&#8230;\u00bb (Nouveau cling, qu&rsquo;il ignore toujours.) Non. \u00abAmis de Sarajevo\u00bb ne va pas non plus. Trop faible par rapport \u00e0 tout ce que nous avons v\u00e9cu. (Il r\u00e9fl\u00e9chit, recorrige &#8211; et murmure \ud83d\ude42 \u00abC&rsquo;est ici qu&rsquo;un si\u00e8cle apr\u00e8s, fr\u00e8res de Sarajevo&#8230;\u00bb Meilleur&#8230; Un c\u00f4t\u00e9 \u00abfr\u00e8res d&rsquo;armes\u00bb qui me pla\u00eet bien&#8230; (Toujours la feuille de papier &#8211; mais stylo lev\u00e9, comme s&rsquo;il essayait son texte avant de l&rsquo;\u00e9crire ; le ton doit \u00eatre d\u00e9clam\u00e9, presque pompeux.) \u00abCe discours sur l&rsquo;avenir de l&rsquo;Europe, je suis heureux de le prononcer ici, devant mes fr\u00e8res de Sarajevo. Tant de visages que je reconnais&#8230; Tant d&rsquo;autres qui ne sont plus l\u00e0, fauch\u00e9s par une barbarie&#8230;\u00bb (Cling, cling, cling, rafale de clings &#8211; regard courrouc\u00e9 en direction du portable, il poursuit.) L\u00e0, attention ! Faudra faire tr\u00e8s attention avec les noms ! Les vivants c&rsquo;est facile. Ils seront dans la salle. Je les verrai. Mais les morts ? Le probl\u00e8me, ce sera les morts&#8230; Ici par exemple (toujours le PC ; il clique sur une photo o\u00f9 on le voit, paysage ensoleill\u00e9, vingt ans plus t\u00f4t, avec des combattants bosniens)&#8230; On est \u00e0 Maglaj. C&rsquo;est le jour o\u00f9 l&rsquo;\u00e9quipe de CNN a d\u00e9boul\u00e9. Est-ce qu&rsquo;il y a quelqu&rsquo;un, l\u00e0-dedans, qui a \u00e9t\u00e9 bombard\u00e9 et qui parle anglais ? Comme personne ne parlait anglais, ils sont repartis aussi sec. Vroum vroum (il fait, avec les mains, le geste de tourner le volant). Sauf que, sit\u00f4t partis, boum boum (geste de se boucher les oreilles) : \u00e0 peine le temps de se mettre \u00e0 couvert dans les vergers et voil\u00e0 un des copains qui parlait pas anglais et qui en prend une en pleine t\u00eate : mais lequel ? le prof \u00e0 c\u00f4t\u00e9 de Gilles ? le type au serre-t\u00eate vert qu&rsquo;on appelait l&rsquo;Iranien alors qu&rsquo;il buvait comme un Polonais &#8211; certains soirs, pour amuser la compagnie, il prenait un demi-magnum d&rsquo;alcool de prune achet\u00e9 \u00e0 un cousin serbe, de l&rsquo;autre c\u00f4t\u00e9 de la ligne de front, et il se l&rsquo;enfilait, non seulement cul sec, mais t\u00eate \u00e0 l&rsquo;envers, en faisant le poirier, histoire que \u00e7a aille direct au cerveau et hop, m\u00eame pas saoul, il se relevait comme un culbuto, il me semble que c&rsquo;est lui qui est mort, mais comment en \u00eatre certain ?<\/p>\n<p><b>Extraits<\/b><b><br \/>\n<\/b><i>\u00ab\u00a0De l\u2019\u00e9clatement de la crise grecque en 2010 jusqu\u2019au moins \u00e0 la fin de 2012, les d\u00e9bats \u00e9conomiques internationaux se sont largement concentr\u00e9s sur l\u2019Europe et les grandes r\u00e9unions mondiales y ont consacr\u00e9 la majeure partie de leur ordre du jour. Et, contrairement \u00e0 toutes les th\u00e9ories parano\u00efaques du complot, l\u2019attitude du monde vis-\u00e0-vis de notre continent a \u00e9t\u00e9 largement positive. Des Etats-Unis \u00e0 la Chine en passant par le Moyen-Orient, les partenaires de la zone euro esp\u00e9raient sinc\u00e8rement qu\u2019elle parviendrait \u00e0 s\u2019en sortir et \u00e0 pr\u00e9server la monnaie europ\u00e9enne. En Europe m\u00eame, l\u2019attitude des autres membres de l\u2019UE, comme le Royaume-Uni et la Pologne, a \u00e9t\u00e9 \u00e9galement bienveillante.\u00a0\u00bb p.77<\/i><\/p>\n<p><i>\u00ab\u00a0Pour Francois Hollande, la crise de l\u2019euro a \u00e9t\u00e9 jugul\u00e9e. Il est difficile de partager son optimisme et de consid\u00e9rer que l\u2019on est revenu \u00e0 une situation normale quand la France emprunte \u00e0 des taux n\u00e9gatifs \u00e0 court terme. Il a \u00e9t\u00e9 plus inspir\u00e9 en \u00e9voquant la piste de l\u2019harmonisation fiscale au menu du futur gouvernement \u00e9conomique de la zone euro. La question fiscale a, en effet, \u00e9t\u00e9 \u00e9lud\u00e9e et \u00e9vacu\u00e9e de facto du trait\u00e9 de Lisbonne, une fois inscrite au registre des questions requ\u00e9rant l\u2019unanimit\u00e9 des pays membres. Elle est pourtant importante \u00e0 trois titres. D\u2019abord, sous l\u2019angle de l\u2019harmonisation, car elle permet essentiellement de limiter la concurrence fiscale sur les bases les plus mobiles. Ensuite, du point de vue d\u2019une internalisation des effets externes au niveau europ\u00e9en, avec comme exemples embl\u00e9matiques une taxe carbone ou un march\u00e9 de droits \u00e0 polluer accompagn\u00e9e d\u2019une taxe carbone aux fronti\u00e8res ou la taxe sur les transactions financi\u00e8res. Enfin, sous l\u2019angle du f\u00e9d\u00e9ralisme fiscal o\u00f9 les pays riches ou en expansion reversent une partie de leur manne fiscale aux pays pauvres ou en r\u00e9cession, par exemple au travers d\u2019un syst\u00e8me de p\u00e9r\u00e9quation. Et, contrairement \u00e0 certaines id\u00e9es re\u00e7ues, l\u2019Europe ne part pas de z\u00e9ro sur le terrain de la fiscalit\u00e9. Il faut d\u2019abord faire le bilan de l\u2019existant, avant d\u2019expliciter les raisons qui militent pour des avanc\u00e9es dans (au moins) deux des trois directions mentionn\u00e9es et de faire des propositions concr\u00e8tes de r\u00e9formes.\u00a0\u00bb p.132<\/i><\/p>\n","protected":false},"excerpt":{"rendered":"<p>Bernard Henri L\u00e9vy &#8211;\u00a0France<\/p>\n","protected":false},"author":1,"featured_media":3351,"comment_status":"closed","ping_status":"closed","sticky":false,"template":"","format":"standard","meta":{"footnotes":""},"categories":[313],"tags":[],"genre":[457],"annees":[469],"wps_subtitle":"","_links":{"self":[{"href":"http:\/\/livre-europeen.eu\/index.php?rest_route=\/wp\/v2\/posts\/3266"}],"collection":[{"href":"http:\/\/livre-europeen.eu\/index.php?rest_route=\/wp\/v2\/posts"}],"about":[{"href":"http:\/\/livre-europeen.eu\/index.php?rest_route=\/wp\/v2\/types\/post"}],"author":[{"embeddable":true,"href":"http:\/\/livre-europeen.eu\/index.php?rest_route=\/wp\/v2\/users\/1"}],"replies":[{"embeddable":true,"href":"http:\/\/livre-europeen.eu\/index.php?rest_route=%2Fwp%2Fv2%2Fcomments&post=3266"}],"version-history":[{"count":3,"href":"http:\/\/livre-europeen.eu\/index.php?rest_route=\/wp\/v2\/posts\/3266\/revisions"}],"predecessor-version":[{"id":3352,"href":"http:\/\/livre-europeen.eu\/index.php?rest_route=\/wp\/v2\/posts\/3266\/revisions\/3352"}],"wp:featuredmedia":[{"embeddable":true,"href":"http:\/\/livre-europeen.eu\/index.php?rest_route=\/wp\/v2\/media\/3351"}],"wp:attachment":[{"href":"http:\/\/livre-europeen.eu\/index.php?rest_route=%2Fwp%2Fv2%2Fmedia&parent=3266"}],"wp:term":[{"taxonomy":"category","embeddable":true,"href":"http:\/\/livre-europeen.eu\/index.php?rest_route=%2Fwp%2Fv2%2Fcategories&post=3266"},{"taxonomy":"post_tag","embeddable":true,"href":"http:\/\/livre-europeen.eu\/index.php?rest_route=%2Fwp%2Fv2%2Ftags&post=3266"},{"taxonomy":"genre","embeddable":true,"href":"http:\/\/livre-europeen.eu\/index.php?rest_route=%2Fwp%2Fv2%2Fgenre&post=3266"},{"taxonomy":"annees","embeddable":true,"href":"http:\/\/livre-europeen.eu\/index.php?rest_route=%2Fwp%2Fv2%2Fannees&post=3266"}],"curies":[{"name":"wp","href":"https:\/\/api.w.org\/{rel}","templated":true}]}}