{"id":3201,"date":"2012-10-09T14:26:16","date_gmt":"2012-10-09T13:26:16","guid":{"rendered":"http:\/\/livre-europeen.eu\/new2014\/?p=3201"},"modified":"2019-03-04T21:57:58","modified_gmt":"2019-03-04T20:57:58","slug":"costa-gavras","status":"publish","type":"post","link":"http:\/\/livre-europeen.eu\/?p=3201","title":{"rendered":"Costa-Gavras"},"content":{"rendered":"<div class=\"block -medium main\">\n<div class=\"inner\">\n<div class=\"tabs -js-tabs\">\n<table class=\" aligncenter\" style=\"width: 1080px; border-style: none;\">\n<tbody>\n<tr>\n<td style=\"border-style: hidden; text-align: center; vertical-align: top; width: 262px;\">\n<h3>Pr\u00e9sident du jury 2012<\/h3>\n<h4>pays : Gr\u00e8ce<\/h4>\n<p>&nbsp;<\/p>\n<p><strong><img loading=\"lazy\" decoding=\"async\" class=\"alignnone wp-image-3210 size-thumbnail\" src=\"http:\/\/livre-europeen.eu\/wp-content\/uploads\/2014\/10\/costa-gavras-150x150.jpeg\" alt=\"\" width=\"150\" height=\"150\" srcset=\"http:\/\/livre-europeen.eu\/wp-content\/uploads\/2014\/10\/costa-gavras-150x150.jpeg 150w, http:\/\/livre-europeen.eu\/wp-content\/uploads\/2014\/10\/costa-gavras.jpeg 200w\" sizes=\"(max-width: 150px) 100vw, 150px\" \/><\/strong><\/td>\n<td style=\"border-style: hidden; vertical-align: top; width: 786px;\">\n<h1>Costa-Gavras<\/h1>\n<h2>R\u00e9alisateur<\/h2>\n<hr \/>\n<p class=\"p1\"><span class=\"s1\"><strong>Costa-Gavras<\/strong>, n\u00e9 en Gr\u00e8ce le 10 f\u00e9vrier 1933, est un cin\u00e9aste franco-grec, actuellement pr\u00e9sident et administrateur de la Cin\u00e9math\u00e8que fran\u00e7aise. Il arrive \u00e0 Paris \u00e0 19 ans, contraint de quitter son pays natal en raison des prises de position antiroyalistes de son p\u00e8re. Apr\u00e8s une licence en lettres \u00e0 la Sorbonne, il fait ses \u00e9tudes \u00e0 l&rsquo;Institut des Hautes \u00c9tudes Cin\u00e9matographiques (IDHEC).\u00a0<\/span><\/p>\n<p class=\"p2\"><span class=\"s1\">Apr\u00e8s avoir travaill\u00e9 comme assistant pour Henri Verneuil, Ren\u00e9 Cl\u00e9ment et Jacques Demy, il r\u00e9alise en 1969 son premier film,\u00a0\u00ab\u00a0Z\u00a0\u00bb, r<\/span><span class=\"s2\">etra\u00e7ant l&rsquo;assassinat d\u2019un leader de la gauche organis\u00e9 par la police et camoufl\u00e9 en banal accident<\/span><span class=\"s1\">. Sa carri\u00e8re de r\u00e9alisateur est ainsi lanc\u00e9e, et Costa-Gavras devient peu \u00e0 peu une figure de proue du cin\u00e9ma politique. Suivront notamment \u00ab\u00a0L\u2019aveu\u00a0\u00bb (1970), \u00ab\u00a0Section sp\u00e9ciale\u00a0\u00bb (1975), \u00ab\u00a0Missing\u00a0\u00bb (1982), \u00ab\u00a0Music box\u00a0\u00bb (1989), \u00ab\u00a0Mad city\u00a0\u00bb (1997), \u00ab\u00a0Amen\u00a0\u00bb (2002), \u00ab\u00a0Le couperet\u00a0\u00bb (2005) et \u00ab\u00a0Eden \u00e0 l\u2019Ouest\u00a0\u00bb (2009).<\/span><\/p>\n<p class=\"p1\"><span class=\"s1\">Costa-Gavras est nomm\u00e9 Pr\u00e9sident et administrateur de la Cin\u00e9math\u00e8que fran\u00e7aise pour la deuxi\u00e8me fois en 2007, apr\u00e8s avoir d\u00e9j\u00e0 occup\u00e9 ce poste dans les ann\u00e9es 1980.\u00a0<\/span><\/p>\n<\/td>\n<\/tr>\n<\/tbody>\n<\/table>\n<p style=\"text-align: justify;\">\n<\/div>\n<\/div>\n<\/div>\n","protected":false},"excerpt":{"rendered":"<h4>2012, Pr\u00e9sident du Jury, Gr\u00e8ce<\/h4>\n<h1><span style=\"font-weight: 200;\">Costa-Gavras<\/span><\/h1>\n<h2><span style=\"font-weight: 200;\">R\u00e9alisateur<\/span><\/p>\n<h2>\n","protected":false},"author":1,"featured_media":3210,"comment_status":"closed","ping_status":"closed","sticky":false,"template":"","format":"standard","meta":{"footnotes":""},"categories":[321],"tags":[361],"genre":[565],"annees":[473],"wps_subtitle":"","_links":{"self":[{"href":"http:\/\/livre-europeen.eu\/index.php?rest_route=\/wp\/v2\/posts\/3201"}],"collection":[{"href":"http:\/\/livre-europeen.eu\/index.php?rest_route=\/wp\/v2\/posts"}],"about":[{"href":"http:\/\/livre-europeen.eu\/index.php?rest_route=\/wp\/v2\/types\/post"}],"author":[{"embeddable":true,"href":"http:\/\/livre-europeen.eu\/index.php?rest_route=\/wp\/v2\/users\/1"}],"replies":[{"embeddable":true,"href":"http:\/\/livre-europeen.eu\/index.php?rest_route=%2Fwp%2Fv2%2Fcomments&post=3201"}],"version-history":[{"count":8,"href":"http:\/\/livre-europeen.eu\/index.php?rest_route=\/wp\/v2\/posts\/3201\/revisions"}],"predecessor-version":[{"id":9798,"href":"http:\/\/livre-europeen.eu\/index.php?rest_route=\/wp\/v2\/posts\/3201\/revisions\/9798"}],"wp:featuredmedia":[{"embeddable":true,"href":"http:\/\/livre-europeen.eu\/index.php?rest_route=\/wp\/v2\/media\/3210"}],"wp:attachment":[{"href":"http:\/\/livre-europeen.eu\/index.php?rest_route=%2Fwp%2Fv2%2Fmedia&parent=3201"}],"wp:term":[{"taxonomy":"category","embeddable":true,"href":"http:\/\/livre-europeen.eu\/index.php?rest_route=%2Fwp%2Fv2%2Fcategories&post=3201"},{"taxonomy":"post_tag","embeddable":true,"href":"http:\/\/livre-europeen.eu\/index.php?rest_route=%2Fwp%2Fv2%2Ftags&post=3201"},{"taxonomy":"genre","embeddable":true,"href":"http:\/\/livre-europeen.eu\/index.php?rest_route=%2Fwp%2Fv2%2Fgenre&post=3201"},{"taxonomy":"annees","embeddable":true,"href":"http:\/\/livre-europeen.eu\/index.php?rest_route=%2Fwp%2Fv2%2Fannees&post=3201"}],"curies":[{"name":"wp","href":"https:\/\/api.w.org\/{rel}","templated":true}]}}