{"id":3087,"date":"2014-10-02T11:57:50","date_gmt":"2014-10-02T10:57:50","guid":{"rendered":"http:\/\/livre-europeen.eu\/new2014\/?p=3087"},"modified":"2019-03-04T23:50:08","modified_gmt":"2019-03-04T22:50:08","slug":"peter-d-sutherland","status":"publish","type":"post","link":"http:\/\/livre-europeen.eu\/?p=3087","title":{"rendered":"Peter D. Sutherland"},"content":{"rendered":"<div class=\"block -medium main\">\n<div class=\"inner\">\n<div class=\"tabs -js-tabs\">\n<table class=\" aligncenter\" style=\"width: 1080px; border-style: none;\">\n<tbody>\n<tr>\n<td style=\"border-style: hidden; text-align: center; vertical-align: top; width: 262px;\">\n<h3>Membre du comit\u00e9<br \/>\nde parrainage 2007<\/h3>\n<h4>pays : Irlande<\/h4>\n<p><strong><img loading=\"lazy\" decoding=\"async\" class=\"alignnone wp-image-3088 size-thumbnail\" src=\"http:\/\/livre-europeen.eu\/wp-content\/uploads\/2014\/10\/Peter_Sutherland90x90-150x150.jpg\" alt=\"\" width=\"150\" height=\"150\" srcset=\"http:\/\/livre-europeen.eu\/wp-content\/uploads\/2014\/10\/Peter_Sutherland90x90-150x150.jpg 150w, http:\/\/livre-europeen.eu\/wp-content\/uploads\/2014\/10\/Peter_Sutherland90x90.jpg 200w\" sizes=\"(max-width: 150px) 100vw, 150px\" \/><br \/>\n<\/strong>Photo : D.R.<\/td>\n<td style=\"border-style: hidden; vertical-align: top; width: 786px;\">\n<h1>Peter D. Sutherland<\/h1>\n<h2><em>Ancien commissaire europ\u00e9en et ancien Directeur G\u00e9n\u00e9ral du GATT et de l\u2019OMC<br \/>\nPr\u00e9sident de l\u2019European Policy Center et de Goldman Sachs International<\/em><\/h2>\n<\/td>\n<\/tr>\n<\/tbody>\n<\/table>\n<\/div>\n<\/div>\n<\/div>\n","protected":false},"excerpt":{"rendered":"<h4>2007, Membre du comit\u00e9 de parrainage, Irlande<\/h4>\n<h1><span style=\"font-weight: 200;\">Peter D. Sutherland<\/span><\/h1>\n<h2><span style=\"font-weight: 200;\">Ancien commissaire europ\u00e9en et ancien Directeur G\u00e9n\u00e9ral du GATT et de l\u2019OMC Pr\u00e9sident de l\u2019European Policy Center et de Goldman Sachs International)<\/span><\/p>\n<h2>\n","protected":false},"author":1,"featured_media":3088,"comment_status":"closed","ping_status":"closed","sticky":false,"template":"","format":"standard","meta":{"footnotes":""},"categories":[323],"tags":[432],"genre":[],"annees":[483],"wps_subtitle":"Ancien commissaire europ\u00e9en et ancien Directeur G\u00e9n\u00e9ral du GATT et de l\u2019OMC Pr\u00e9sident de l\u2019European Policy Center et de Goldman Sachs International","_links":{"self":[{"href":"http:\/\/livre-europeen.eu\/index.php?rest_route=\/wp\/v2\/posts\/3087"}],"collection":[{"href":"http:\/\/livre-europeen.eu\/index.php?rest_route=\/wp\/v2\/posts"}],"about":[{"href":"http:\/\/livre-europeen.eu\/index.php?rest_route=\/wp\/v2\/types\/post"}],"author":[{"embeddable":true,"href":"http:\/\/livre-europeen.eu\/index.php?rest_route=\/wp\/v2\/users\/1"}],"replies":[{"embeddable":true,"href":"http:\/\/livre-europeen.eu\/index.php?rest_route=%2Fwp%2Fv2%2Fcomments&post=3087"}],"version-history":[{"count":6,"href":"http:\/\/livre-europeen.eu\/index.php?rest_route=\/wp\/v2\/posts\/3087\/revisions"}],"predecessor-version":[{"id":10095,"href":"http:\/\/livre-europeen.eu\/index.php?rest_route=\/wp\/v2\/posts\/3087\/revisions\/10095"}],"wp:featuredmedia":[{"embeddable":true,"href":"http:\/\/livre-europeen.eu\/index.php?rest_route=\/wp\/v2\/media\/3088"}],"wp:attachment":[{"href":"http:\/\/livre-europeen.eu\/index.php?rest_route=%2Fwp%2Fv2%2Fmedia&parent=3087"}],"wp:term":[{"taxonomy":"category","embeddable":true,"href":"http:\/\/livre-europeen.eu\/index.php?rest_route=%2Fwp%2Fv2%2Fcategories&post=3087"},{"taxonomy":"post_tag","embeddable":true,"href":"http:\/\/livre-europeen.eu\/index.php?rest_route=%2Fwp%2Fv2%2Ftags&post=3087"},{"taxonomy":"genre","embeddable":true,"href":"http:\/\/livre-europeen.eu\/index.php?rest_route=%2Fwp%2Fv2%2Fgenre&post=3087"},{"taxonomy":"annees","embeddable":true,"href":"http:\/\/livre-europeen.eu\/index.php?rest_route=%2Fwp%2Fv2%2Fannees&post=3087"}],"curies":[{"name":"wp","href":"https:\/\/api.w.org\/{rel}","templated":true}]}}