{"id":3084,"date":"2014-10-02T11:56:06","date_gmt":"2014-10-02T10:56:06","guid":{"rendered":"http:\/\/livre-europeen.eu\/new2014\/?p=3084"},"modified":"2019-03-04T23:46:41","modified_gmt":"2019-03-04T22:46:41","slug":"dimistris-dimitriadis","status":"publish","type":"post","link":"http:\/\/livre-europeen.eu\/?p=3084","title":{"rendered":"Dimitris Dimitriadis"},"content":{"rendered":"<div class=\"block -medium main\">\n<div class=\"inner\">\n<div class=\"tabs -js-tabs\">\n<table class=\" aligncenter\" style=\"width: 1080px; border-style: none;\">\n<tbody>\n<tr>\n<td style=\"border-style: hidden; text-align: center; vertical-align: top; width: 262px;\">\n<h3>Membre du comit\u00e9<br \/>\nde parrainage<br \/>\n2008, 2007<\/h3>\n<h4>pays : Gr\u00e8ce<\/h4>\n<p><strong><img loading=\"lazy\" decoding=\"async\" class=\"alignnone wp-image-3085 size-thumbnail\" src=\"http:\/\/livre-europeen.eu\/wp-content\/uploads\/2014\/10\/dimistris_dimitriadis90x90-150x150.jpg\" alt=\"\" width=\"150\" height=\"150\" srcset=\"http:\/\/livre-europeen.eu\/wp-content\/uploads\/2014\/10\/dimistris_dimitriadis90x90-150x150.jpg 150w, http:\/\/livre-europeen.eu\/wp-content\/uploads\/2014\/10\/dimistris_dimitriadis90x90.jpg 200w\" sizes=\"(max-width: 150px) 100vw, 150px\" \/><br \/>\n<\/strong>Photo : D.R.<\/td>\n<td style=\"border-style: hidden; vertical-align: top; width: 786px;\">\n<h1>Dimitris Dimitriadis<\/h1>\n<h2><em>Pr\u00e9sident du comit\u00e9 \u00e9conomique et social europ\u00e9en (2006-2008)<\/em><\/h2>\n<\/td>\n<\/tr>\n<\/tbody>\n<\/table>\n<\/div>\n<\/div>\n<\/div>\n","protected":false},"excerpt":{"rendered":"<h4>2008, 2007, Membre du comit\u00e9 de parrainage, Gr\u00e8ce<\/h4>\n<h1><span style=\"font-weight: 200;\">Dimitris Dimitriadis<\/span><\/h1>\n<h2><span style=\"font-weight: 200;\">Pr\u00e9sident du comit\u00e9 \u00e9conomique et social europ\u00e9en (2006-2008)<\/span><\/p>\n<h2>\n","protected":false},"author":1,"featured_media":3085,"comment_status":"closed","ping_status":"closed","sticky":false,"template":"","format":"standard","meta":{"footnotes":""},"categories":[323],"tags":[361],"genre":[],"annees":[481,483],"wps_subtitle":"Pr\u00e9sident du comit\u00e9 \u00e9conomique et social europ\u00e9en (2006-2008)","_links":{"self":[{"href":"http:\/\/livre-europeen.eu\/index.php?rest_route=\/wp\/v2\/posts\/3084"}],"collection":[{"href":"http:\/\/livre-europeen.eu\/index.php?rest_route=\/wp\/v2\/posts"}],"about":[{"href":"http:\/\/livre-europeen.eu\/index.php?rest_route=\/wp\/v2\/types\/post"}],"author":[{"embeddable":true,"href":"http:\/\/livre-europeen.eu\/index.php?rest_route=\/wp\/v2\/users\/1"}],"replies":[{"embeddable":true,"href":"http:\/\/livre-europeen.eu\/index.php?rest_route=%2Fwp%2Fv2%2Fcomments&post=3084"}],"version-history":[{"count":7,"href":"http:\/\/livre-europeen.eu\/index.php?rest_route=\/wp\/v2\/posts\/3084\/revisions"}],"predecessor-version":[{"id":10093,"href":"http:\/\/livre-europeen.eu\/index.php?rest_route=\/wp\/v2\/posts\/3084\/revisions\/10093"}],"wp:featuredmedia":[{"embeddable":true,"href":"http:\/\/livre-europeen.eu\/index.php?rest_route=\/wp\/v2\/media\/3085"}],"wp:attachment":[{"href":"http:\/\/livre-europeen.eu\/index.php?rest_route=%2Fwp%2Fv2%2Fmedia&parent=3084"}],"wp:term":[{"taxonomy":"category","embeddable":true,"href":"http:\/\/livre-europeen.eu\/index.php?rest_route=%2Fwp%2Fv2%2Fcategories&post=3084"},{"taxonomy":"post_tag","embeddable":true,"href":"http:\/\/livre-europeen.eu\/index.php?rest_route=%2Fwp%2Fv2%2Ftags&post=3084"},{"taxonomy":"genre","embeddable":true,"href":"http:\/\/livre-europeen.eu\/index.php?rest_route=%2Fwp%2Fv2%2Fgenre&post=3084"},{"taxonomy":"annees","embeddable":true,"href":"http:\/\/livre-europeen.eu\/index.php?rest_route=%2Fwp%2Fv2%2Fannees&post=3084"}],"curies":[{"name":"wp","href":"https:\/\/api.w.org\/{rel}","templated":true}]}}