{"id":3081,"date":"2014-10-02T11:54:16","date_gmt":"2014-10-02T10:54:16","guid":{"rendered":"http:\/\/livre-europeen.eu\/new2014\/?p=3081"},"modified":"2019-03-04T23:36:21","modified_gmt":"2019-03-04T22:36:21","slug":"gerard-onesta","status":"publish","type":"post","link":"http:\/\/livre-europeen.eu\/?p=3081","title":{"rendered":"G\u00e9rard Onesta"},"content":{"rendered":"<div class=\"block -medium main\">\n<div class=\"inner\">\n<div class=\"tabs -js-tabs\">\n<table class=\" aligncenter\" style=\"width: 1080px; border-style: none;\">\n<tbody>\n<tr>\n<td style=\"border-style: hidden; text-align: center; vertical-align: top; width: 262px;\">\n<h3>Membre du comit\u00e9<br \/>\nde parrainage 2009<\/h3>\n<h4>pays : France<\/h4>\n<p><strong><img loading=\"lazy\" decoding=\"async\" class=\"alignnone wp-image-3082 size-thumbnail\" src=\"http:\/\/livre-europeen.eu\/wp-content\/uploads\/2014\/10\/gerard_onesta90x90-150x150.jpg\" alt=\"\" width=\"150\" height=\"150\" srcset=\"http:\/\/livre-europeen.eu\/wp-content\/uploads\/2014\/10\/gerard_onesta90x90-150x150.jpg 150w, http:\/\/livre-europeen.eu\/wp-content\/uploads\/2014\/10\/gerard_onesta90x90.jpg 200w\" sizes=\"(max-width: 150px) 100vw, 150px\" \/><br \/>\n<\/strong>Photo : D.R.<\/td>\n<td style=\"border-style: hidden; vertical-align: top; width: 786px;\">\n<h1>G\u00e9rard Onesta<\/h1>\n<h2><em>Vice-Pr\u00e9sident du Parlement europ\u00e9en (1999-2009)<br \/>\nD\u00e9put\u00e9 du parti \u00e9cologiste Les Verts<\/em><\/h2>\n<\/td>\n<\/tr>\n<\/tbody>\n<\/table>\n<\/div>\n<\/div>\n<\/div>\n","protected":false},"excerpt":{"rendered":"<h4>2009, Membre du comit\u00e9 de parrainage, France<\/h4>\n<h1><span style=\"font-weight: 200;\">Martin Schulz<\/span><\/h1>\n<h2><span style=\"font-weight: 200;\">Vice-Pr\u00e9sident du Parlement europ\u00e9en (1999-2009) D\u00e9put\u00e9 du parti \u00e9cologiste Les Verts<\/span><\/p>\n<h2>\n","protected":false},"author":1,"featured_media":3082,"comment_status":"closed","ping_status":"closed","sticky":false,"template":"","format":"standard","meta":{"footnotes":""},"categories":[323],"tags":[388],"genre":[],"annees":[479],"wps_subtitle":"Vice-Pr\u00e9sident du Parlement europ\u00e9en (1999-2009) D\u00e9put\u00e9 du parti \u00e9cologiste Les Verts","_links":{"self":[{"href":"http:\/\/livre-europeen.eu\/index.php?rest_route=\/wp\/v2\/posts\/3081"}],"collection":[{"href":"http:\/\/livre-europeen.eu\/index.php?rest_route=\/wp\/v2\/posts"}],"about":[{"href":"http:\/\/livre-europeen.eu\/index.php?rest_route=\/wp\/v2\/types\/post"}],"author":[{"embeddable":true,"href":"http:\/\/livre-europeen.eu\/index.php?rest_route=\/wp\/v2\/users\/1"}],"replies":[{"embeddable":true,"href":"http:\/\/livre-europeen.eu\/index.php?rest_route=%2Fwp%2Fv2%2Fcomments&post=3081"}],"version-history":[{"count":6,"href":"http:\/\/livre-europeen.eu\/index.php?rest_route=\/wp\/v2\/posts\/3081\/revisions"}],"predecessor-version":[{"id":10088,"href":"http:\/\/livre-europeen.eu\/index.php?rest_route=\/wp\/v2\/posts\/3081\/revisions\/10088"}],"wp:featuredmedia":[{"embeddable":true,"href":"http:\/\/livre-europeen.eu\/index.php?rest_route=\/wp\/v2\/media\/3082"}],"wp:attachment":[{"href":"http:\/\/livre-europeen.eu\/index.php?rest_route=%2Fwp%2Fv2%2Fmedia&parent=3081"}],"wp:term":[{"taxonomy":"category","embeddable":true,"href":"http:\/\/livre-europeen.eu\/index.php?rest_route=%2Fwp%2Fv2%2Fcategories&post=3081"},{"taxonomy":"post_tag","embeddable":true,"href":"http:\/\/livre-europeen.eu\/index.php?rest_route=%2Fwp%2Fv2%2Ftags&post=3081"},{"taxonomy":"genre","embeddable":true,"href":"http:\/\/livre-europeen.eu\/index.php?rest_route=%2Fwp%2Fv2%2Fgenre&post=3081"},{"taxonomy":"annees","embeddable":true,"href":"http:\/\/livre-europeen.eu\/index.php?rest_route=%2Fwp%2Fv2%2Fannees&post=3081"}],"curies":[{"name":"wp","href":"https:\/\/api.w.org\/{rel}","templated":true}]}}