{"id":3078,"date":"2016-07-20T13:07:14","date_gmt":"2016-07-20T12:07:14","guid":{"rendered":"http:\/\/livre-europeen.eu\/new2014\/?p=3078"},"modified":"2019-02-18T16:21:27","modified_gmt":"2019-02-18T15:21:27","slug":"hans-gert-pottering","status":"publish","type":"post","link":"http:\/\/livre-europeen.eu\/?p=3078","title":{"rendered":"Hans-Gert P\u00f6ttering"},"content":{"rendered":"<div class=\"block -medium main\">\n<div class=\"inner\">\n<div class=\"tabs -js-tabs\">\n<table class=\" aligncenter\" style=\"width: 1080px; border-style: none;\">\n<tbody>\n<tr>\n<td style=\"border-style: hidden; text-align: center; vertical-align: top; width: 262px;\">\n<h3>Membre du comit\u00e9<br \/>\nde parrainage<br \/>\n2018, 2017, 2008 et 2007<\/h3>\n<h4>pays : Allemagne<\/h4>\n<p>&nbsp;<\/p>\n<p><strong><img loading=\"lazy\" decoding=\"async\" class=\"alignnone wp-image-3079 size-thumbnail\" src=\"http:\/\/livre-europeen.eu\/wp-content\/uploads\/2014\/10\/pottering90x90-150x150.jpg\" alt=\"\" width=\"150\" height=\"150\" srcset=\"http:\/\/livre-europeen.eu\/wp-content\/uploads\/2014\/10\/pottering90x90-150x150.jpg 150w, http:\/\/livre-europeen.eu\/wp-content\/uploads\/2014\/10\/pottering90x90.jpg 200w\" sizes=\"(max-width: 150px) 100vw, 150px\" \/><\/strong><br \/>\nPhoto : D.R.<\/td>\n<td style=\"border-style: hidden; vertical-align: top; width: 786px;\">\n<h1>Hans-Gert P\u00f6ttering<\/h1>\n<h2>Pr\u00e9sident de la Konrad-Adenauer-Stiftung<br \/>\nDirecteur de La Maison de l&rsquo;histoire europ\u00e9enne Pr\u00e9sident du Parlement europ\u00e9en (2007-2009)<\/h2>\n<hr \/>\n<p class=\"p1\"><span class=\"s1\">Membre de la CDU et du Parti populaire europ\u00e9en, <strong>Hans-Gert P\u00f6ttering<\/strong> a \u00e9t\u00e9 pr\u00e9sident du Parlement europ\u00e9en de janvier 2007 \u00e0 juillet 2009. \u00a0En\u00a0d\u00e9cembre 2009, il est \u00e9lu pr\u00e9sident de la Fondation Konrad Adenauer. F\u00e9d\u00e9raliste fervent, il est en outre membre du Groupe pour la r\u00e9conciliation des histoires europ\u00e9ennes.<\/span><\/p>\n<\/td>\n<\/tr>\n<\/tbody>\n<\/table>\n<p style=\"text-align: justify;\">\n<\/div>\n<\/div>\n<\/div>\n","protected":false},"excerpt":{"rendered":"<h4>2018, 2017, 2008, 2007, Membre du comit\u00e9 de parrainage, Allemagne<\/h4>\n<h1><span style=\"font-weight: 200;\">Hans-Gert P\u00f6ttering<\/span><\/h1>\n<h2><span style=\"font-weight: 200;\">Pr\u00e9sident de la Konrad-Adenauer-Stiftung  Directeur de La Maison de l&rsquo;histoire europ\u00e9enne  Pr\u00e9sident du Parlement europ\u00e9en (2007-2009)<\/span><\/p>\n<h2>\n","protected":false},"author":1,"featured_media":3079,"comment_status":"closed","ping_status":"closed","sticky":false,"template":"","format":"standard","meta":{"footnotes":""},"categories":[323],"tags":[330],"genre":[],"annees":[461,463,481,483],"wps_subtitle":"","_links":{"self":[{"href":"http:\/\/livre-europeen.eu\/index.php?rest_route=\/wp\/v2\/posts\/3078"}],"collection":[{"href":"http:\/\/livre-europeen.eu\/index.php?rest_route=\/wp\/v2\/posts"}],"about":[{"href":"http:\/\/livre-europeen.eu\/index.php?rest_route=\/wp\/v2\/types\/post"}],"author":[{"embeddable":true,"href":"http:\/\/livre-europeen.eu\/index.php?rest_route=\/wp\/v2\/users\/1"}],"replies":[{"embeddable":true,"href":"http:\/\/livre-europeen.eu\/index.php?rest_route=%2Fwp%2Fv2%2Fcomments&post=3078"}],"version-history":[{"count":8,"href":"http:\/\/livre-europeen.eu\/index.php?rest_route=\/wp\/v2\/posts\/3078\/revisions"}],"predecessor-version":[{"id":9838,"href":"http:\/\/livre-europeen.eu\/index.php?rest_route=\/wp\/v2\/posts\/3078\/revisions\/9838"}],"wp:featuredmedia":[{"embeddable":true,"href":"http:\/\/livre-europeen.eu\/index.php?rest_route=\/wp\/v2\/media\/3079"}],"wp:attachment":[{"href":"http:\/\/livre-europeen.eu\/index.php?rest_route=%2Fwp%2Fv2%2Fmedia&parent=3078"}],"wp:term":[{"taxonomy":"category","embeddable":true,"href":"http:\/\/livre-europeen.eu\/index.php?rest_route=%2Fwp%2Fv2%2Fcategories&post=3078"},{"taxonomy":"post_tag","embeddable":true,"href":"http:\/\/livre-europeen.eu\/index.php?rest_route=%2Fwp%2Fv2%2Ftags&post=3078"},{"taxonomy":"genre","embeddable":true,"href":"http:\/\/livre-europeen.eu\/index.php?rest_route=%2Fwp%2Fv2%2Fgenre&post=3078"},{"taxonomy":"annees","embeddable":true,"href":"http:\/\/livre-europeen.eu\/index.php?rest_route=%2Fwp%2Fv2%2Fannees&post=3078"}],"curies":[{"name":"wp","href":"https:\/\/api.w.org\/{rel}","templated":true}]}}