{"id":3045,"date":"2014-10-02T10:32:48","date_gmt":"2014-10-02T09:32:48","guid":{"rendered":"http:\/\/livre-europeen.eu\/new2014\/?p=3045"},"modified":"2019-03-04T23:09:10","modified_gmt":"2019-03-04T22:09:10","slug":"josep-borrell","status":"publish","type":"post","link":"http:\/\/livre-europeen.eu\/?p=3045","title":{"rendered":"Josep Borrell"},"content":{"rendered":"<div class=\"block -medium main\">\n<div class=\"inner\">\n<div class=\"tabs -js-tabs\">\n<table class=\" aligncenter\" style=\"width: 1080px; border-style: none;\">\n<tbody>\n<tr>\n<td style=\"border-style: hidden; text-align: center; vertical-align: top; width: 262px;\">\n<h3>Membre du comit\u00e9<br \/>\nde parrainage<br \/>\n2012, 2010, 2009<\/h3>\n<h4>pays : Espagne<\/h4>\n<p><strong><img loading=\"lazy\" decoding=\"async\" class=\"alignnone wp-image-3046 size-thumbnail\" src=\"http:\/\/livre-europeen.eu\/wp-content\/uploads\/2014\/10\/photojosepborrellgris-150x150.jpg\" alt=\"\" width=\"150\" height=\"150\" srcset=\"http:\/\/livre-europeen.eu\/wp-content\/uploads\/2014\/10\/photojosepborrellgris-150x150.jpg 150w, http:\/\/livre-europeen.eu\/wp-content\/uploads\/2014\/10\/photojosepborrellgris.jpg 200w\" sizes=\"(max-width: 150px) 100vw, 150px\" \/><br \/>\n<\/strong>Photo : D.R.<\/td>\n<td style=\"border-style: hidden; vertical-align: top; width: 786px;\">\n<h1>Josep Borrell<\/h1>\n<h2><em>Pr\u00e9sident du Parlement europ\u00e9en (2004-2007)<br \/>\nPr\u00e9sident de la commission du D\u00e9veloppement au Parlement europ\u00e9en (2007-2009)<br \/>\nPr\u00e9sident de l\u2019European University Institute (Espagne)<\/em><\/h2>\n<\/td>\n<\/tr>\n<\/tbody>\n<\/table>\n<\/div>\n<\/div>\n<\/div>\n","protected":false},"excerpt":{"rendered":"<h4>2012, 2010, 2009, Membre du comit\u00e9 de parrainage, Espagne<\/h4>\n<h1><span style=\"font-weight: 200;\">Josep Borrell<\/span><\/h1>\n<h2><span style=\"font-weight: 200;\">Pr\u00e9sident du Parlement europ\u00e9en (2004-2007) Pr\u00e9sident de la commission du D\u00e9veloppement au Parlement europ\u00e9en (2007-2009) Pr\u00e9sident de l\u2019European University Institute (Espagne)<\/span><\/p>\n<h2>\n","protected":false},"author":1,"featured_media":3046,"comment_status":"closed","ping_status":"closed","sticky":false,"template":"","format":"standard","meta":{"footnotes":""},"categories":[323],"tags":[449],"genre":[],"annees":[473,477,479],"wps_subtitle":"Pr\u00e9sident du Parlement europ\u00e9en (2004-2007) Pr\u00e9sident de la commission du D\u00e9veloppement au Parlement europ\u00e9en (2007-2009) Pr\u00e9sident de l\u2019European University Institute (Espagne)","_links":{"self":[{"href":"http:\/\/livre-europeen.eu\/index.php?rest_route=\/wp\/v2\/posts\/3045"}],"collection":[{"href":"http:\/\/livre-europeen.eu\/index.php?rest_route=\/wp\/v2\/posts"}],"about":[{"href":"http:\/\/livre-europeen.eu\/index.php?rest_route=\/wp\/v2\/types\/post"}],"author":[{"embeddable":true,"href":"http:\/\/livre-europeen.eu\/index.php?rest_route=\/wp\/v2\/users\/1"}],"replies":[{"embeddable":true,"href":"http:\/\/livre-europeen.eu\/index.php?rest_route=%2Fwp%2Fv2%2Fcomments&post=3045"}],"version-history":[{"count":6,"href":"http:\/\/livre-europeen.eu\/index.php?rest_route=\/wp\/v2\/posts\/3045\/revisions"}],"predecessor-version":[{"id":10077,"href":"http:\/\/livre-europeen.eu\/index.php?rest_route=\/wp\/v2\/posts\/3045\/revisions\/10077"}],"wp:featuredmedia":[{"embeddable":true,"href":"http:\/\/livre-europeen.eu\/index.php?rest_route=\/wp\/v2\/media\/3046"}],"wp:attachment":[{"href":"http:\/\/livre-europeen.eu\/index.php?rest_route=%2Fwp%2Fv2%2Fmedia&parent=3045"}],"wp:term":[{"taxonomy":"category","embeddable":true,"href":"http:\/\/livre-europeen.eu\/index.php?rest_route=%2Fwp%2Fv2%2Fcategories&post=3045"},{"taxonomy":"post_tag","embeddable":true,"href":"http:\/\/livre-europeen.eu\/index.php?rest_route=%2Fwp%2Fv2%2Ftags&post=3045"},{"taxonomy":"genre","embeddable":true,"href":"http:\/\/livre-europeen.eu\/index.php?rest_route=%2Fwp%2Fv2%2Fgenre&post=3045"},{"taxonomy":"annees","embeddable":true,"href":"http:\/\/livre-europeen.eu\/index.php?rest_route=%2Fwp%2Fv2%2Fannees&post=3045"}],"curies":[{"name":"wp","href":"https:\/\/api.w.org\/{rel}","templated":true}]}}