{"id":2772,"date":"2012-10-01T22:10:15","date_gmt":"2012-10-01T21:10:15","guid":{"rendered":"http:\/\/livre-europeen.eu\/new2014\/?p=2772"},"modified":"2020-09-21T15:49:12","modified_gmt":"2020-09-21T14:49:12","slug":"roman-le-jour-ou-la-vierge-a-marche-sur-la-lune","status":"publish","type":"post","link":"http:\/\/livre-europeen.eu\/?p=2772","title":{"rendered":"Le jour o\u00f9 la Vierge a march\u00e9 sur la Lune"},"content":{"rendered":"<div class=\"block -medium main\">\n<div class=\"inner\">\n<div class=\"tabs -js-tabs\">\n<table class=\" aligncenter\" style=\"width: 1080px; border-style: none;\">\n<tbody>\n<tr>\n<td style=\"border-style: hidden; text-align: center; vertical-align: top; width: 262px;\">\n<h3>6\u00e8me laur\u00e9at du prix du livre europ\u00e9en<\/h3>\n<h4>cat\u00e9gorie : Roman<br \/>\npays : Allemagne<\/h4>\n<p><img loading=\"lazy\" decoding=\"async\" class=\"alignnone wp-image-11464 size-medium\" src=\"http:\/\/livre-europeen.eu\/wp-content\/uploads\/2012\/10\/vierge-188x300.jpg\" alt=\"\" width=\"188\" height=\"300\" srcset=\"http:\/\/livre-europeen.eu\/wp-content\/uploads\/2012\/10\/vierge-188x300.jpg 188w, http:\/\/livre-europeen.eu\/wp-content\/uploads\/2012\/10\/vierge-640x1024.jpg 640w, http:\/\/livre-europeen.eu\/wp-content\/uploads\/2012\/10\/vierge.jpg 675w\" sizes=\"(max-width: 188px) 100vw, 188px\" \/><\/p>\n<p>&nbsp;<\/td>\n<td style=\"border-style: hidden; vertical-align: top; width: 786px;\">\n<h1>Le jour o\u00f9 la Vierge a march\u00e9 sur la Lune<\/h1>\n<h2>Rolf Bauerdick<\/h2>\n<\/td>\n<\/tr>\n<\/tbody>\n<\/table>\n<\/div>\n<\/div>\n<\/div>\n","protected":false},"excerpt":{"rendered":"<h4>2012, Laur\u00e9at, Roman, Allemagne<\/h4>\n<h1><span style=\"font-weight: 200;\">Le jour o\u00f9 la Vierge a march\u00e9 sur la Lune<\/span><\/h1>\n<h2><span style=\"font-weight: 200;\">Rolf Bauerdick<\/span><\/p>\n<h2>\n","protected":false},"author":1,"featured_media":11464,"comment_status":"closed","ping_status":"closed","sticky":false,"template":"","format":"standard","meta":{"footnotes":""},"categories":[311],"tags":[330],"genre":[459],"annees":[473],"wps_subtitle":"","_links":{"self":[{"href":"http:\/\/livre-europeen.eu\/index.php?rest_route=\/wp\/v2\/posts\/2772"}],"collection":[{"href":"http:\/\/livre-europeen.eu\/index.php?rest_route=\/wp\/v2\/posts"}],"about":[{"href":"http:\/\/livre-europeen.eu\/index.php?rest_route=\/wp\/v2\/types\/post"}],"author":[{"embeddable":true,"href":"http:\/\/livre-europeen.eu\/index.php?rest_route=\/wp\/v2\/users\/1"}],"replies":[{"embeddable":true,"href":"http:\/\/livre-europeen.eu\/index.php?rest_route=%2Fwp%2Fv2%2Fcomments&post=2772"}],"version-history":[{"count":9,"href":"http:\/\/livre-europeen.eu\/index.php?rest_route=\/wp\/v2\/posts\/2772\/revisions"}],"predecessor-version":[{"id":11465,"href":"http:\/\/livre-europeen.eu\/index.php?rest_route=\/wp\/v2\/posts\/2772\/revisions\/11465"}],"wp:featuredmedia":[{"embeddable":true,"href":"http:\/\/livre-europeen.eu\/index.php?rest_route=\/wp\/v2\/media\/11464"}],"wp:attachment":[{"href":"http:\/\/livre-europeen.eu\/index.php?rest_route=%2Fwp%2Fv2%2Fmedia&parent=2772"}],"wp:term":[{"taxonomy":"category","embeddable":true,"href":"http:\/\/livre-europeen.eu\/index.php?rest_route=%2Fwp%2Fv2%2Fcategories&post=2772"},{"taxonomy":"post_tag","embeddable":true,"href":"http:\/\/livre-europeen.eu\/index.php?rest_route=%2Fwp%2Fv2%2Ftags&post=2772"},{"taxonomy":"genre","embeddable":true,"href":"http:\/\/livre-europeen.eu\/index.php?rest_route=%2Fwp%2Fv2%2Fgenre&post=2772"},{"taxonomy":"annees","embeddable":true,"href":"http:\/\/livre-europeen.eu\/index.php?rest_route=%2Fwp%2Fv2%2Fannees&post=2772"}],"curies":[{"name":"wp","href":"https:\/\/api.w.org\/{rel}","templated":true}]}}