{"id":2732,"date":"2014-10-01T21:52:47","date_gmt":"2014-10-01T20:52:47","guid":{"rendered":"http:\/\/livre-europeen.eu\/new2014\/?p=2732"},"modified":"2019-02-13T13:10:14","modified_gmt":"2019-02-13T12:10:14","slug":"la-ligne-des-glaces","status":"publish","type":"post","link":"http:\/\/livre-europeen.eu\/?p=2732","title":{"rendered":"La ligne des glaces"},"content":{"rendered":"<h3>Emmanuel Ruben<\/h3>\n<p><b>Informations g\u00e9n\u00e9rales<\/b><\/p>\n<p>316 pages<br \/>\n<i>Editions Payot et Rivages<br \/>\n<\/i>2014<\/p>\n<p><b>Biographie de l\u2019auteur<\/b><\/p>\n<p>N\u00e9 le 16 novembre 1980 \u00e0 Lyon. Enfance et adolescence campagnardes. D\u00e9sir tr\u00e8s vif d&rsquo;\u00e9crire (bandes dessin\u00e9es, romans policiers, nouvelles, po\u00e8mes, pi\u00e8ces de th\u00e9\u00e2tre). \u00c9tudes sup\u00e9rieures \u00e0 Lyon de 1998 \u00e0 2004 (Hypokh\u00e2gne, kh\u00e2gne, \u00c9cole Normale Sup\u00e9rieure) puis \u00e0 Paris de 2006 \u00e0 2010 (master 2 de g\u00e9ographie \u00e0 la Sorbonne et licence de russe \u00e0 l&rsquo;Inalco). Entre-temps, nombreux s\u00e9jours \u00e0 l&rsquo;\u00e9tranger au gr\u00e9 des \u00e9tudes, des recherches universitaires, des affectations, sur les traces de mes lectures, \u00e0 rebours de mes premi\u00e8res r\u00eaveries : Italie (\u00c9cole normale sup\u00e9rieure de Pise), \u00c9tats-Unis (lecteur de fran\u00e7ais \u00e0 Washington University, Saint-Louis, Missouri), Turquie (Institut fran\u00e7ais d&rsquo;\u00e9tudes anatoliennes, Istanbul), Pays baltes (Volontaire international \u00e0 l\u2019ambassade fran\u00e7aise de Lettonie, Riga), Europe centrale, Ukraine, Russie.<br \/>\nAgr\u00e9g\u00e9 de g\u00e9ographie (2004), je commence en 2007 une th\u00e8se de g\u00e9ographie vite abandonn\u00e9e, la vie de chercheur \u00e9tant peu conciliable avec celle d\u2019\u00e9crivain. Depuis la parution de mon premier roman en 2010, j\u2019enseigne l&rsquo;histoire et la g\u00e9ographie dans un lyc\u00e9e du Val d&rsquo;Oise et consacre tout mon temps libre \u00e0 l\u2019\u00e9criture et au dessin, que je pratique en parall\u00e8le.<\/p>\n<p><b>Pr\u00e9sentation de l\u2019\u00e9diteur<\/b><\/p>\n<p>Un jeune diplomate en herbe, Samuel Vidouble, est envoy\u00e9 dans un myst\u00e9rieux pays de la Baltique orientale, dont il ignore tout. D\u00e8s son arriv\u00e9e \u00e0 l&rsquo;ambassade de France, on lui confie la t\u00e2che de le cartographier en vue de proposer une d\u00e9limitation de ses fronti\u00e8res maritimes. Au fil des voyages, des trouvailles, des rencontres et des d\u00e9convenues &#8211; guid\u00e9 par Lothar Kalters, un ami linguiste, et par N\u00e9va, une jeune fille ensorcelante -, il comprend que cette mission est impossible et s&rsquo;en d\u00e9sint\u00e9resse peu \u00e0 peu, gagn\u00e9 par une m\u00e9lancolie que ne fait qu&rsquo;aviver l&rsquo;hiver.<\/p>\n<p>Cette exploration romanesque, aussi audacieuse que singuli\u00e8re, des confins de l&rsquo;Europe nous offre dans un style tr\u00e8s imag\u00e9 une satire troublante de la diplomatie, avec son lot d&rsquo;intrigues g\u00e9opolitiques, ainsi que de tr\u00e8s beaux tableaux sur les ruines et les trag\u00e9dies de l&rsquo;Histoire. \u00c0 travers les discussions entre les personnages surgissent de belles pages qui nous donnent \u00e0 voir le v\u00e9ritable objet de ce r\u00e9cit personnel et ambitieux : une interrogation sur les lisi\u00e8res mouvantes du r\u00e9el et de l&rsquo;imaginaire.<\/p>\n<p><b>Extraits<br \/>\n<\/b>\u00a0<i>\u00ab\u00a0Dans ce qui est \u00e9crit ci-dessus, je m\u00eale sans cesse le vrai et le faux, je transpose, j&rsquo;avance masqu\u00e9, j&rsquo;invente encore. Mais on ne peut inventer sans limites. Cela, je l&rsquo;ai d\u00e9couvert le jour o\u00f9 j&rsquo;ai rencontr\u00e9 V\u00e9ra Zefer. Le jour o\u00f9 je me suis retrouv\u00e9 face \u00e0 la parole, devant l&rsquo;histoire, en situation et dans la disposition d&rsquo;\u00e9couter pour de bon un t\u00e9moignage. Je veux parler d&rsquo;un t\u00e9moignage de survivant, puisqu&rsquo;il n&rsquo;y a de t\u00e9moignage que de survivant. Qui n&rsquo;a pas fr\u00f4l\u00e9 la mort, qui n&rsquo;a pas touch\u00e9 le point de non-retour, qui n&rsquo;a pas eu la r\u00e9v\u00e9lation qu&rsquo;il fallait vivre \u00e0 tout prix, ou survivre, ou revivre, ou ressusciter, remonter \u00e0 la vie, ne t\u00e9moigne pas. Il raconte, invente, imagine, brode, tricote, bavarde, comme je l&rsquo;ai fait jusqu&rsquo;ici. V\u00e9ra Zefer ne se contentait pas de raconter son histoire, elle tra\u00e7ait\u00a0la\u00a0fronti\u00e8re entre les histoires et l&rsquo;Histoire, ce qu&rsquo;elle avait v\u00e9cu ne se pouvait en aucun cas romancer, ne rentrait pas dans un roman, ne cadrait pas; ma vie \u00e9tait romanesque, futile, insouciante; la sienne ne l&rsquo;\u00e9tait pas; j&rsquo;arpentais les tours et les d\u00e9tours d&rsquo;un pays imaginaire, je vivotais dans les d\u00e9dales de mon sous-sol intime; elle avait surv\u00e9cu dans les sous-sols de l&rsquo;Histoire. Une vie \u00e0 peine croyable, une suite de hasards qui lui avait valu de tomber dans des mains charitables et d&rsquo;\u00eatre sauv\u00e9e des eaux. En \u00e9coutant V\u00e9ra Zefer, je me souvenais d&rsquo;une phrase de Lothar qui aimait r\u00e9p\u00e9ter que la g\u00e9ographie peut \u00eatre imaginaire, l&rsquo;histoire ne l&rsquo;est jamais. L\u00e0 se situe la faille de toutes les utopies, disait Lothar (\u2026) on ne pr\u00e9munira jamais les utopies de l&rsquo;\u00e9ternel retour du chaos, de l&rsquo;omnipr\u00e9sence de la catastrophe. A la marge de chaque utopie, disait Lothar, il y a toujours un goulag ou un ghetto qui nous guette.\u00a0\u00bb<\/i><\/p>\n<p><i>\u00ab\u00a0C\u2019est alors que se refl\u00e8te sur les murs vitr\u00e9s d\u2019un grand magasin l\u2019image diffract\u00e9e d\u2019un clocher baroque, haut, tr\u00e8s haut, torve ou vrill\u00e9. Je pousse la porte d\u2019un caf\u00e9, me dirige vers le comptoir, me renseigne en anglais, on me r\u00e9pond d\u2019abord que nobody speaks english here, mais un homme taill\u00e9 comme un b\u00fbcheron, cheveux hirsutes et grande barbe blonde, nez de boxeur, se d\u00e9tache de la foule, s\u2019approche et m\u2019apprend, en brandissant son grand index noueux et velu qu\u2019il s\u2019agit du clocher de la cath\u00e9drale Saint-Pierre, Saint-Peter, dit-il, like in Rome, like the Vatican, clocher reconnaissable entre tous \u2013 la vieille ville en est tout h\u00e9riss\u00e9e, de clochers ! \u2013 justement parce qu\u2019il est vrill\u00e9, because of the war, you know, because they bombed the bell-tower during the war\u2026 Mais c\u2019\u00e9tait il y a plus de soixante ans ! Songeur, les bras ballants, j\u2019erre au hasard. Cette petite capitale europ\u00e9enne, avec ses vitrines o\u00f9 l\u2019on peut entre deux absolutions \u2013 et en toute transparence \u2013 d\u00e9guis\u00e9 moiti\u00e9 en tch\u00e9kiste, moiti\u00e9 en SS -, l\u00e2cher un peu de lest contre une poign\u00e9e d\u2019euros, ce serait un mus\u00e9e des horreurs du si\u00e8cle dernier ? Et le murmure \u00e9trangl\u00e9 des gens dans cette ville ! Silence, marmonnements, chuchotis \u2013 leur idiome ? Et cette mani\u00e8re ensommeill\u00e9e, m\u00e9canique, de leurs gestes !\u00a0\u00bb<\/i><\/p>\n<p><b>Critiques<br \/>\n<\/b>\u00ab\u00a0La ligne des glaces<i>\u00a0d\u00e9finit la fronti\u00e8re o\u00f9 les mol\u00e9cules simples se condensent. Une ligne qui se situe bien apr\u00e8s le soleil. Plus prosa\u00efquement, dans la mer baltique o\u00f9 les eaux g\u00e8lent pendant trois longs mois, la ligne des glaces fait office de fronti\u00e8re aussi translucide que mouvante. Tout pr\u00e8s de cette ligne du partage des eaux, dans un myst\u00e9rieux pays du nord de l\u2019Europe, un jeune diplomate, Samuel Vidouble, est envoy\u00e9. Sa t\u00e2che \u00e0 l\u2019ambassade de France sera de r\u00e9diger un m\u00e9morandum et de cartographier, pixel par pixel, les fronti\u00e8res maritimes du pays car celui-ci veut entrer dans l\u2019Europe. La litt\u00e9rature est un assaut contre les fronti\u00e8res, nous disent en c\u0153ur Kafka et Emmanuel Ruben.<br \/>\nPremi\u00e8re \u00e9tape romanesque d\u2019une suite europ\u00e9enne et nordique,\u00a0<\/i>La ligne des glaces <i>est un roman d\u2019aventures et d\u2019explorations int\u00e9rieures, aux confins du soi et de l\u2019Europe, celle construite sur les ruines de l\u2019Histoire. Histoire personnelle, histoire universelle, et histoire politique, tout s\u2019entrem\u00eale dans ce roman de g\u00e9ographie imaginaire.\u00a0\u00bb\u00a0 <\/i>Catherine Fattebert, <b>RTS, <\/b>04\/06\/2014<\/p>\n","protected":false},"excerpt":{"rendered":"<p>Emmanuel Ruben &#8211; France<\/p>\n","protected":false},"author":1,"featured_media":3401,"comment_status":"closed","ping_status":"closed","sticky":false,"template":"","format":"standard","meta":{"footnotes":""},"categories":[313],"tags":[],"genre":[459],"annees":[469],"wps_subtitle":"","_links":{"self":[{"href":"http:\/\/livre-europeen.eu\/index.php?rest_route=\/wp\/v2\/posts\/2732"}],"collection":[{"href":"http:\/\/livre-europeen.eu\/index.php?rest_route=\/wp\/v2\/posts"}],"about":[{"href":"http:\/\/livre-europeen.eu\/index.php?rest_route=\/wp\/v2\/types\/post"}],"author":[{"embeddable":true,"href":"http:\/\/livre-europeen.eu\/index.php?rest_route=\/wp\/v2\/users\/1"}],"replies":[{"embeddable":true,"href":"http:\/\/livre-europeen.eu\/index.php?rest_route=%2Fwp%2Fv2%2Fcomments&post=2732"}],"version-history":[{"count":3,"href":"http:\/\/livre-europeen.eu\/index.php?rest_route=\/wp\/v2\/posts\/2732\/revisions"}],"predecessor-version":[{"id":3402,"href":"http:\/\/livre-europeen.eu\/index.php?rest_route=\/wp\/v2\/posts\/2732\/revisions\/3402"}],"wp:featuredmedia":[{"embeddable":true,"href":"http:\/\/livre-europeen.eu\/index.php?rest_route=\/wp\/v2\/media\/3401"}],"wp:attachment":[{"href":"http:\/\/livre-europeen.eu\/index.php?rest_route=%2Fwp%2Fv2%2Fmedia&parent=2732"}],"wp:term":[{"taxonomy":"category","embeddable":true,"href":"http:\/\/livre-europeen.eu\/index.php?rest_route=%2Fwp%2Fv2%2Fcategories&post=2732"},{"taxonomy":"post_tag","embeddable":true,"href":"http:\/\/livre-europeen.eu\/index.php?rest_route=%2Fwp%2Fv2%2Ftags&post=2732"},{"taxonomy":"genre","embeddable":true,"href":"http:\/\/livre-europeen.eu\/index.php?rest_route=%2Fwp%2Fv2%2Fgenre&post=2732"},{"taxonomy":"annees","embeddable":true,"href":"http:\/\/livre-europeen.eu\/index.php?rest_route=%2Fwp%2Fv2%2Fannees&post=2732"}],"curies":[{"name":"wp","href":"https:\/\/api.w.org\/{rel}","templated":true}]}}