{"id":2701,"date":"2014-10-01T21:41:04","date_gmt":"2014-10-01T20:41:04","guid":{"rendered":"http:\/\/livre-europeen.eu\/new2014\/?p=2701"},"modified":"2019-02-13T12:57:24","modified_gmt":"2019-02-13T11:57:24","slug":"une-jeunesse-europeenne","status":"publish","type":"post","link":"http:\/\/livre-europeen.eu\/?p=2701","title":{"rendered":"Une jeunesse europ\u00e9enne"},"content":{"rendered":"<h3>Guillaume Klossa<\/h3>\n<p><b>Informations g\u00e9n\u00e9rales<\/b><\/p>\n<p>197 pages<br \/>\n<i>Editions Grasset<br \/>\n<\/i>2014<\/p>\n<p><b>Biographie de l\u2019auteur<\/b><\/p>\n<p>N\u00e9 le 21 juin 1972, <b>Guillaume Klossa<\/b> publie son premier r\u00e9cit.<\/p>\n<p>Conseiller sp\u00e9cial\u00a0 de Jean-Pierre Jouyet pendant la pr\u00e9sidence fran\u00e7aise de l&rsquo;Union europ\u00e9enne puis\u00a0 du groupe de r\u00e9flexion sur l&rsquo;avenir de l&rsquo;Europe pr\u00e9sid\u00e9 par Felipe Gonzalez, \u00e9ditorialiste et essayiste, Guillaume Klossa a cr\u00e9\u00e9 le think tank Europa Nova en 2002 avec l&rsquo;avec l&rsquo;aide d&rsquo;Enrico Letta, aujourd&rsquo;hui pr\u00e9sident du Conseil italien.<\/p>\n<p>Actuellement dirigeant d&rsquo;une organisation internationale,\u00a0 il partage son temps entre Paris, Gen\u00e8ve et Bruxelles.Avec la philosophe Cynthia Fleury, le math\u00e9maticien C\u00e9dric Villani, l&rsquo;industriel Lapo Elkann qui\u00a0l&rsquo;accompagnent dans l&rsquo;aventure EuropaNova,\u00a0 et bien d&rsquo;autres comme l&rsquo;\u00e9crivaine Sofi Oksanen ou le po\u00e8te Camille de Toledo, il incarne une nouvelle g\u00e9n\u00e9ration de leaders d&rsquo;opinion europ\u00e9ens.<\/p>\n<p>Guillaume Klossa est dipl\u00f4me d&rsquo;HEC\u00a0 de Sciences Po Paris et de la London School of Economics.<\/p>\n<p><b>Pr\u00e9sentation de l\u2019\u00e9diteur<\/b><\/p>\n<p>\u00ab\u00a0N\u00e9e avec la crise de 1973, notre g\u00e9n\u00e9ration est porteuse d\u2019une destin\u00e9e universelle\u00a0: c\u2019est son histoire que je raconte. Nous n\u2019avions pas vingt ans quand le mur de Berlin s\u2019est effondr\u00e9. Presque trente le 11 septembre 2001. Premi\u00e8re g\u00e9n\u00e9ration Internet, nous arrivons aujourd\u2019hui aux responsabilit\u00e9s et devons relever une Europe qui doute d\u2019elle-m\u00eame. Notre d\u00e9fi\u00a0: dessiner un avenir collectif pour ce continent.\u00a0\u00bb<\/p>\n<p><b>Extraits<br \/>\n<\/b><i>\u00ab\u00a0Il y a enfin cette crainte de guerre nucl\u00e9aire qui subsiste\u00a0: la menace sovi\u00e9tique se trouve \u00e0 nos portes, \u00e0 la fronti\u00e8re de ce qu\u2019on appelle alors la RFA, la R\u00e9publique f\u00e9d\u00e9rale d\u2019Allemagne dont la capitale est Bonn, une petite ville provinciale\u00a0; Et quand ce n\u2019est pas la crainte de la destruction\u00a0 massive, c\u2019est celle de la contamination apr\u00e8s le d\u00e9sastre de Tchernobyl, le 26 avril 1986, dont on tente des semaines durant de nous cacher la gravit\u00e9, nous laissant \u00e0 penser que les nuages s\u2019arr\u00eatent aux fronti\u00e8res de la Communaut\u00e9 europ\u00e9enne.\u00a0\u00bb p.49<\/i><\/p>\n<p><i>\u00ab\u00a0Le tournant du mill\u00e9naire fonctionna comme un d\u00e9tonateur pour beaucoup d\u2019entre nous. Le monde qui se pr\u00e9parait \u00e9tait beaucoup plus incertain que celui que nos dirigeants nous annon\u00e7aient. Surtout, nous percevions que la politique s\u2019\u00e9tait d\u00e9sinvestie des sujets majeurs de notre temps et n\u2019avait pas tir\u00e9 pleinement les cons\u00e9quences de ce nouveau monde qui se dessinait. Nous percevions \u00e9galement que de dangereux foss\u00e9s \u00e9taient subrepticement en train de se creuser entre Europ\u00e9ens sans que personne n\u2019y prenne garde. Enfin et c\u2019\u00e9tait le plus pr\u00e9occupant, la notion de bien commun semblait avoir fui le discours public. Quelle voie trouver pour contrecarrer le d\u00e9clin de l\u2019esprit public\u00a0? Quelles modalit\u00e9s concr\u00e8tes pour s\u2019engager utilement\u00a0? Quelles qualit\u00e9s et exp\u00e9riences d\u00e9velopper pour \u00eatre utiles \u00e0 la soci\u00e9t\u00e9\u00a0?\u00a0\u00bb p.104<\/i><\/p>\n<p><b>Critiques<\/b><\/p>\n<p><i>\u00ab\u00a0Les partis anti-europ\u00e9ens abordent les \u00e9lections du mois de mai en position de force. Cette ambiance d\u00e9l\u00e9t\u00e8re ne d\u00e9courage pas Guillaume Klossa. L\u2019homme m\u00e8ne un combat pour l&rsquo;Europe depuis son adolescence. A 41 ans, il garde d&rsquo;ailleurs un air d&rsquo;ado. Dans <\/i>Une jeunesse europ\u00e9enne<i>, le \u00abr\u00e9cit politique\u00bb qu&rsquo;il vient de publier, il confie refuser \u00abla cravate Herm\u00e8s qui fait office de bleu de travail\u00bb pour tant de ses anciens camarades de HEC et Sciences Po\u00a0\u00bb.<\/i><\/p>\n<p><i>\u00a0<\/i><b>Paris Match<\/b>, 17\/01\/2014<\/p>\n<p><i>\u00ab\u00a0C&rsquo;est le dernier carr\u00e9 des europhiles. Ils se retrouvent ce soir-l\u00e0 aux Cahiers de Colette, une librairie du Marais \u00e0 Paris. Guillaume Klossa y signe son livre intitul\u00e9\u00a0<\/i>Une jeunesse europ\u00e9enne<i>\u00a0(<\/i><a href=\"https:\/\/plus.lefigaro.fr\/tag\/grasset\"><i>Grasset<\/i><\/a><i>). L&rsquo;auteur, un quadra plein d&rsquo;entrain, a choisi d&rsquo;expliquer comment s&rsquo;est forg\u00e9e la conscience europ\u00e9enne de sa g\u00e9n\u00e9ration, qu&rsquo;il s&rsquo;agisse du dessin anim\u00e9\u00a0Il \u00e9tait une fois l&rsquo;homme, que les enfants des ann\u00e9es 1970 ont vu, d&rsquo;Aberdeen \u00e0 Varsovie, ou de la chute du\u00a0<\/i><a href=\"http:\/\/plus.lefigaro.fr\/tag\/mur-de-berlin\"><i>mur de Berlin<\/i><\/a><i>. \u00abJe suis n\u00e9 europ\u00e9en, d&rsquo;autres le sont devenus. C&rsquo;est le cas de Bernard Guetta qui publie\u00a0<\/i>Intime Conviction<i>, et raconte sa conversion\u00bb, explique Guillaume Klossa.\u00a0\u00bb . <\/i><b>Le Figaro<\/b>, 20\/01\/2014<\/p>\n<p><i>\u00ab\u00a0L&rsquo;Europe souffre-t-elle vraiment d&rsquo;un d\u00e9ficit de d\u00e9mocratie ?\u00a0\u00bb<\/i><\/p>\n<p><b>Interview France Culture<\/b>, 14\/03\/2013<\/p>\n","protected":false},"excerpt":{"rendered":"<p>Guillaume Klossa &#8211; France<\/p>\n","protected":false},"author":1,"featured_media":3348,"comment_status":"closed","ping_status":"closed","sticky":false,"template":"","format":"standard","meta":{"footnotes":""},"categories":[313],"tags":[],"genre":[457],"annees":[469],"wps_subtitle":"","_links":{"self":[{"href":"http:\/\/livre-europeen.eu\/index.php?rest_route=\/wp\/v2\/posts\/2701"}],"collection":[{"href":"http:\/\/livre-europeen.eu\/index.php?rest_route=\/wp\/v2\/posts"}],"about":[{"href":"http:\/\/livre-europeen.eu\/index.php?rest_route=\/wp\/v2\/types\/post"}],"author":[{"embeddable":true,"href":"http:\/\/livre-europeen.eu\/index.php?rest_route=\/wp\/v2\/users\/1"}],"replies":[{"embeddable":true,"href":"http:\/\/livre-europeen.eu\/index.php?rest_route=%2Fwp%2Fv2%2Fcomments&post=2701"}],"version-history":[{"count":3,"href":"http:\/\/livre-europeen.eu\/index.php?rest_route=\/wp\/v2\/posts\/2701\/revisions"}],"predecessor-version":[{"id":3349,"href":"http:\/\/livre-europeen.eu\/index.php?rest_route=\/wp\/v2\/posts\/2701\/revisions\/3349"}],"wp:featuredmedia":[{"embeddable":true,"href":"http:\/\/livre-europeen.eu\/index.php?rest_route=\/wp\/v2\/media\/3348"}],"wp:attachment":[{"href":"http:\/\/livre-europeen.eu\/index.php?rest_route=%2Fwp%2Fv2%2Fmedia&parent=2701"}],"wp:term":[{"taxonomy":"category","embeddable":true,"href":"http:\/\/livre-europeen.eu\/index.php?rest_route=%2Fwp%2Fv2%2Fcategories&post=2701"},{"taxonomy":"post_tag","embeddable":true,"href":"http:\/\/livre-europeen.eu\/index.php?rest_route=%2Fwp%2Fv2%2Ftags&post=2701"},{"taxonomy":"genre","embeddable":true,"href":"http:\/\/livre-europeen.eu\/index.php?rest_route=%2Fwp%2Fv2%2Fgenre&post=2701"},{"taxonomy":"annees","embeddable":true,"href":"http:\/\/livre-europeen.eu\/index.php?rest_route=%2Fwp%2Fv2%2Fannees&post=2701"}],"curies":[{"name":"wp","href":"https:\/\/api.w.org\/{rel}","templated":true}]}}