{"id":2696,"date":"2014-10-01T21:40:06","date_gmt":"2014-10-01T20:40:06","guid":{"rendered":"http:\/\/livre-europeen.eu\/new2014\/?p=2696"},"modified":"2019-02-13T12:57:25","modified_gmt":"2019-02-13T11:57:25","slug":"quavons-nous-fait-de-leurope","status":"publish","type":"post","link":"http:\/\/livre-europeen.eu\/?p=2696","title":{"rendered":"Qu\u2019avons-nous fait de l\u2019Europe ?"},"content":{"rendered":"<h3><b>S\u00e9bastien Maillard<\/b><\/h3>\n<p><b>Pr\u00e9face de Jacques Delors<\/b><\/p>\n<p><b>Informations g\u00e9n\u00e9rales<\/b><\/p>\n<p>128 pages<br \/>\n<i>Editions Salvator<br \/>\n<\/i>2013<\/p>\n<p><b>Biographie de l\u2019auteur<\/b><\/p>\n<p><b>S\u00e9bastien Maillard<\/b>, \u00e2g\u00e9 de 40 ans a couvert durant douze ann\u00e9es pour <i>La Croix<\/i> les affaires europ\u00e9ennes, qu\u2019il a aussi enseign\u00e9 \u00e0 Sciences-Po Paris et pour Boston College.<\/p>\n<p>Correspondant \u00e0 Bruxelles (2007-2010), il sera le prochain correspondant de <i>La Croix<\/i> \u00e0 Rome.<\/p>\n<p><b>Pr\u00e9sentation de l\u2019\u00e9diteur<\/b><\/p>\n<p>En vue des \u00e9lections europ\u00e9ennes de mai 2014 et du centenaire de la Premi\u00e8re guerre mondiale, ces \u00ab\u00a0lettres\u00a0\u00bb s\u2019adressent au pr\u00e9curseur de la r\u00e9conciliation franco-allemande pour qu\u2019il nous aide aujourd\u2019hui \u00e0 nous r\u00e9concilier avec son projet d\u2019Europe unie, dont la crise nous fait perdre de vue l\u2019origine et la finalit\u00e9, suscitant au contraire d\u00e9senchantement et amertume.<\/p>\n<p>Cet essai interroge les fondements du projet europ\u00e9en initial, en retrace les d\u00e9voiements et tente de cerner sur quoi faire reposer aujourd\u2019hui un d\u00e9sir d\u2019union \u00e0 notre continent, en y associant au plus pr\u00e8s l\u2019opinion publique. Au fil des \u00ab\u00a0lettres\u00a0\u00bb, le lecteur apprend aussi \u00e0 mieux connaitre le \u00ab\u00a0p\u00e8re fondateur\u00a0\u00bb de la construction communautaire, \u00e0 l\u2019occasion du prochain cinquantenaire de sa mort.<\/p>\n<p><b>Extraits<br \/>\n<\/b><i>\u00ab\u00a0L\u2019Europe ne traverse pas seulement une crise \u00e9conomique profonde. Son projet d\u2019int\u00e9gration est d\u00e9laiss\u00e9 par l\u2019opinion publique, qui en perd le fil, l\u2019int\u00e9r\u00eat et le go\u00fbt. Quand la construction europ\u00e9enne tremble sur ses fondations, il faut se retourner vers ses p\u00e8res fondateurs.\u00a0<\/i><\/p>\n<p><i>Ces lettres imaginaires font revivre la figure d\u2019un grand europ\u00e9en, Robert Schuman (1886-1963), cinquante ans apr\u00e8s sa mort. Par del\u00e0 le temps, elles interrogent l\u2019artisan de la r\u00e9conciliation franco-allemande, avec une urgence passionn\u00e9e. Une correspondance pour renouveler un d\u00e9sir d\u2019union, qui repose sur une vision politique commune et r\u00e9ponde \u00e0 un choix libre.<\/i><\/p>\n<p><i><br \/>\nComme l\u2019\u00e9crit Jacques Delors dans sa pr\u00e9face : \u00ab Il nous faut remercier S\u00e9bastien Maillard, europ\u00e9en de c\u0153ur et de raison, militant lucide, journaliste de talent, d\u2019avoir stimul\u00e9 notre conscience des d\u00e9fis d\u2019aujourd\u2019hui et de demain. Par une approche originale, il r\u00e9veille notre m\u00e9moire trop souvent assoupie. Il nous livre une analyse tr\u00e8s pertinente de ce que pouvaient \u00eatre les pens\u00e9es d\u2019un homme d\u2019\u00c9tat habit\u00e9 par la volont\u00e9 d\u2019unir les pays europ\u00e9ens et par un humanisme fond\u00e9 sur les valeurs fondamentales de notre longue histoire.\u00bb<\/i><\/p>\n<p><i>\u00ab\u00a0Plus s\u00e9rieusement, relancer aujourd\u2019hui un projet aussi hardi se heurterait de plein fouet, comme les dirigeants politiques en font la douloureuse exp\u00e9rience, aux dures conditions et exigences de notre temps\u00a0: interd\u00e9pendance, complexit\u00e9, imm\u00e9diatet\u00e9 et transparence. De fait, l\u2019Union europ\u00e9enne, qui compte \u00e0 ce stade vingt-huit membres est devenue tr\u00e8s complexe \u00e0 manier, dans ce monde en changement acc\u00e9l\u00e9r\u00e9 o\u00f9 les probl\u00e8mes des uns s\u2019interconnectent \u00e0 ceux des autres, en multipliant les effets de mani\u00e8re quasi instantan\u00e9e. D\u2019o\u00f9 la difficult\u00e9 encore \u00e0 croire que cette Union europ\u00e9enne, si occup\u00e9e par son propre avenir, puisse nous tirer d\u2019affaire\u00a0\u00bb p.35<\/i><\/p>\n<p><i>\u00ab\u00a0Le but de rejoindre l\u2019Union n\u2019est bien s\u00fbr pas d\u2019en arriver \u00e0 cette extr\u00e9mit\u00e9. Une adh\u00e9sion ne devrait pas \u00eatre que le nom d\u2019un trait\u00e9, c\u2019est aussi un sentiment qui se cultive\u00a0\u00bb p.87<\/i><\/p>\n<p><b>Critiques<\/b><\/p>\n<p><i>\u00ab\u00a0Tel est l\u2019ouvrage original de S\u00e9bastien Maillard, correspondant \u00e0 Rome du quotidien <\/i>La Croix<i>. C\u2019est sous forme de \u00ab\u00a0lettres \u00e0 Robert Schuman\u00a0\u00bb aussi passionnantes les unes que les autres que se lit cet ouvrage. Ce sont, bien s\u00fbr, des \u00e9crits imaginaires tout comme les r\u00e9ponses, mais qui font revivre la figure d\u2019un grand Europ\u00e9en cinquante ans apr\u00e8s son d\u00e9c\u00e8s (le 4 septembre 1963).Elles interrogent l\u2019artisan de la r\u00e9conciliation franco-allemande, avec une urgence et une actualit\u00e9 passionn\u00e9e \u00e0 la veille de ce dimanche 25 mai 2014, jour des \u00e9lections, \u00e0 un seul tour, au suffrage universel, du Parlement europ\u00e9en.\u00a0\u00bb <\/i><b>Jean-Pierre Bobichon, <\/b>13\/02\/2014<\/p>\n<p><i><br \/>\n\u00ab\u00a0Alors que l\u2019Europe vacille sur ses fondations, S\u00e9bastien Maillard \u2013qui a couvert pendant douze ans pour le quotidien \u00abLa Croix\u00bb les affaires europ\u00e9ennes- revisite \u00e0 travers des lettres imaginaires envoy\u00e9es \u00e0 Robert Schuman, la m\u00e9moire de la construction europ\u00e9enne, et fait red\u00e9couvrir la figure d\u2019un chr\u00e9tien habit\u00e9 par la r\u00e9conciliation entre la France et l\u2019Allemagne.\u00a0\u00bb\u00a0<\/i><\/p>\n<p>Genevi\u00e8ve Delrue, <b>RFI<\/b>,<b> <\/b>24\/11\/2013<\/p>\n<p><i>\u00ab\u00a0\u00ab\u00a0<\/i>Qu&rsquo;avons-nous fait de l&rsquo;Europe?<i>\u00a0\u00bb demande son auteur, le journaliste S\u00e9bastien Maillard, correspondant \u00e0 Bruxelles du quotidien fran\u00e7ais La Croix. Le tableau bross\u00e9 sous la forme de plusieurs lettres ouvertes \u00e0 Robert Schuman, un des p\u00e8res fondateur de la construction europ\u00e9enne d\u00e9c\u00e9d\u00e9 il y a 50 ans, est tr\u00e8s sombre.\u00a0\u00bb <\/i><b>RTBF<\/b>, 19\/09\/2013<\/p>\n","protected":false},"excerpt":{"rendered":"<p>S\u00e9bastien Maillard<br \/>\n<strong>France<\/strong><\/p>\n","protected":false},"author":1,"featured_media":3304,"comment_status":"closed","ping_status":"closed","sticky":false,"template":"","format":"standard","meta":{"footnotes":""},"categories":[315],"tags":[],"genre":[457],"annees":[469],"wps_subtitle":"","_links":{"self":[{"href":"http:\/\/livre-europeen.eu\/index.php?rest_route=\/wp\/v2\/posts\/2696"}],"collection":[{"href":"http:\/\/livre-europeen.eu\/index.php?rest_route=\/wp\/v2\/posts"}],"about":[{"href":"http:\/\/livre-europeen.eu\/index.php?rest_route=\/wp\/v2\/types\/post"}],"author":[{"embeddable":true,"href":"http:\/\/livre-europeen.eu\/index.php?rest_route=\/wp\/v2\/users\/1"}],"replies":[{"embeddable":true,"href":"http:\/\/livre-europeen.eu\/index.php?rest_route=%2Fwp%2Fv2%2Fcomments&post=2696"}],"version-history":[{"count":7,"href":"http:\/\/livre-europeen.eu\/index.php?rest_route=\/wp\/v2\/posts\/2696\/revisions"}],"predecessor-version":[{"id":4962,"href":"http:\/\/livre-europeen.eu\/index.php?rest_route=\/wp\/v2\/posts\/2696\/revisions\/4962"}],"wp:featuredmedia":[{"embeddable":true,"href":"http:\/\/livre-europeen.eu\/index.php?rest_route=\/wp\/v2\/media\/3304"}],"wp:attachment":[{"href":"http:\/\/livre-europeen.eu\/index.php?rest_route=%2Fwp%2Fv2%2Fmedia&parent=2696"}],"wp:term":[{"taxonomy":"category","embeddable":true,"href":"http:\/\/livre-europeen.eu\/index.php?rest_route=%2Fwp%2Fv2%2Fcategories&post=2696"},{"taxonomy":"post_tag","embeddable":true,"href":"http:\/\/livre-europeen.eu\/index.php?rest_route=%2Fwp%2Fv2%2Ftags&post=2696"},{"taxonomy":"genre","embeddable":true,"href":"http:\/\/livre-europeen.eu\/index.php?rest_route=%2Fwp%2Fv2%2Fgenre&post=2696"},{"taxonomy":"annees","embeddable":true,"href":"http:\/\/livre-europeen.eu\/index.php?rest_route=%2Fwp%2Fv2%2Fannees&post=2696"}],"curies":[{"name":"wp","href":"https:\/\/api.w.org\/{rel}","templated":true}]}}