{"id":2688,"date":"2014-10-01T21:38:18","date_gmt":"2014-10-01T20:38:18","guid":{"rendered":"http:\/\/livre-europeen.eu\/new2014\/?p=2688"},"modified":"2019-02-13T12:57:26","modified_gmt":"2019-02-13T11:57:26","slug":"europe-il-faut-tout-changer","status":"publish","type":"post","link":"http:\/\/livre-europeen.eu\/?p=2688","title":{"rendered":"Europe : il faut tout changer"},"content":{"rendered":"<h3>Laurent Wauquiez<\/h3>\n<p><b>Informations g\u00e9n\u00e9rales<\/b><\/p>\n<p>304 pages<br \/>\n<i>Odile Jacob<br \/>\n<\/i>Avril 2014<\/p>\n<p><b>Biographie de l\u2019auteur<\/b><\/p>\n<p><b>Laurent Wauquiez<\/b>, benjamin de l&rsquo;Assembl\u00e9e nationale (d\u00e9put\u00e9 de Haute-Loire, en 2004), ancien secr\u00e9taire d&rsquo;\u00c9tat charg\u00e9 de l&rsquo;Emploi (2008-2010) et ministre charg\u00e9 des Affaires europ\u00e9ennes (2010-2011), a \u00e9t\u00e9 nomm\u00e9, en juillet 2011, ministre de l&rsquo;Enseignement sup\u00e9rieur et de la Recherche. Il a fond\u00e9 la Droite sociale qui rassemble des parlementaires et des \u00e9lus locaux d\u00e9termin\u00e9s \u00e0 remettre les classes moyennes au c\u0153ur des politiques publiques. Il est maire du Puy-en-Velay, depuis 2008. Il a d\u00e9j\u00e0 publi\u00e9, aux \u00c9ditions Odile Jacob, <i>La Lutte des classes moyennes<\/i> (2011).<\/p>\n<p><b>Pr\u00e9sentation de l\u2019\u00e9diteur<\/b><\/p>\n<p>\u00ab J&rsquo;ai une conviction simple : soit l&rsquo;Europe change du tout au tout, soit elle est condamn\u00e9e.<br \/>\nL&rsquo;Europe \u00e9tait l&rsquo;un des plus beaux projets politiques. Nous avions de l&rsquo;or dans les mains. Mais l&rsquo;enthousiasme a c\u00e9d\u00e9 la place aux n\u00e9gociations de marchands de tapis et l&rsquo;\u00e9lan s&rsquo;est progressivement perdu.<br \/>\nOui, nous avons besoin de l&rsquo;Europe, mais pas de cette Europe-l\u00e0.<\/p>\n<p>Encore faut-il ouvrir le d\u00e9bat. Cela suppose de l&rsquo;audace et du courage, juste ce minimum de volont\u00e9 pour secouer les tabous solidement \u00e9tablis, depuis Schengen jusqu&rsquo;\u00e0 l&rsquo;Europe \u00e0 28, en passant par le protectionnisme et la libert\u00e9 de circulation.<br \/>\nAujourd&rsquo;hui, soit on est pro-europ\u00e9en, et somm\u00e9 de d\u00e9fendre tout ce que fait Bruxelles, soit on est anti-europ\u00e9en, et l&rsquo;Europe devient porteuse de tous les vices.<br \/>\nAu fond, on a renonc\u00e9 \u00e0 toute forme de libert\u00e9 de pens\u00e9e. Je r\u00e9clame ce sursaut de lucidit\u00e9 qui doit permettre \u00e0 des pro-europ\u00e9ens de dire que ce n&rsquo;est plus possible.<\/p>\n<p>Europe, oui, tout doit changer. \u00bb L. W.<br \/>\nUn livre tonique, une analyse stimulante qui allie profondeur historique et v\u00e9rit\u00e9 de ton. Illustr\u00e9e de nombreux exemples et d&rsquo;anecdotes vivantes, une vraie vision de l&rsquo;Europe assortie de propositions nouvelles.<\/p>\n<p><b>Extraits<br \/>\n<\/b><i>\u00ab\u00a0Il fut une \u00e9poque ou la Commission europ\u00e9enne \u00e9tait utile. C\u2019\u00e9tait il y a longtemps et avant l\u2019\u00e9largissement. La Commission \u00e9tait alors un organe coll\u00e9gial, group\u00e9 autour d\u2019un pr\u00e9sident qui arbitrait et s\u2019engageait dans le d\u00e9bat europ\u00e9en. Les commissaires avaient bien sur la sensibilit\u00e9 de leur pays d\u2019origine, mais ils prenaient de la hauteur. Depuis l\u2019\u00e9largissement, chaque Etat membre envoie un commissaire et, la gestion de la crise \u00e9conomique l\u2019a prouv\u00e9, on vit sur une fiction. Le pr\u00e9sident n\u2019arbitre plus, il suit le mouvement imprim\u00e9 par des commissaires qui repr\u00e9sentent souvent d\u2019abord les positions de leur pays d\u2019origine. Chaque pays a un commissaire europ\u00e9en, ce qui fait la coquette somme de 27 commissaires (et bient\u00f4t 28). Il a bien fallu inventer une fonction \u00e0 chacun d\u2019entre eux et du coup les portefeuilles se sont multipli\u00e9s, quitte \u00e0 ce que certains ne correspondent pas \u00e0 de v\u00e9ritables responsabilit\u00e9s de l\u2019Union europ\u00e9enne.\u00a0\u00bb p.113<\/i><\/p>\n<p><i>\u00ab\u00a0 Il n\u2019y a pas de d\u00e9bats tabous. La question de savoir, si, apr\u00e8s tout, l\u2019euro nous est utile ou non m\u00e9rite d\u2019\u00eatre pos\u00e9e et, \u00e0 force de rejeter certains d\u00e9bats, on laisse les fantasmes prendre le pas. Je me souviens d\u2019\u00e9changes, avec les \u00e9quipes de Bercy sur ce sujet, ou m\u00eame l\u2019id\u00e9e que l\u2019on puisse expliquer \u00e0 quoi servait l\u2019euro pendant la crise les terrorisait parce que cela revenait \u00e0 avouer que l\u2019on pouvait envisager la sortie de l\u2019euro\u00a0! A l\u2019\u00e9poque, les esprits \u00e9taient un peu \u00e9chauff\u00e9s par la crise et le moindre sujet t\u00e9tanisait tout le monde. La question \u00e9tait m\u00eame remont\u00e9e au niveau de Nicolas Sarkozy qui avait donn\u00e9 son feu vert pour que, comme ministre des Affaires europ\u00e9enne, je puisse expliquer l\u2019utilit\u00e9 de l\u2019euro et les dangers d\u2019un retour au franc\u00a0! Un peu de bon sens\u00a0: non, il n\u2019est pas absurde de tenter d\u2019expliquer \u00e0 nos compatriotes \u00e0 quoi sert l\u2019euro.\u00a0\u00bb p.196<\/i><\/p>\n<p><b>Critiques<\/b><\/p>\n<p><i>\u00ab\u00a0Laurent Wauquiez assume de faire \u00ab\u00a0exploser\u00a0\u00bb l&rsquo;Europe \u00ab\u00a0avant de reconstruire\u00a0\u00bb<\/i><\/p>\n<p><i>Laurent Wauquiez assume sa volont\u00e9 d&rsquo;<\/i><a href=\"http:\/\/conjugaison.lemonde.fr\/conjugaison\/troisieme-groupe\/ouvrir\"><i>ouvrir<\/i><\/a><i>\u00a0un d\u00e9bat sur la construction europ\u00e9enne, quitte \u00e0 s&rsquo;<\/i><a href=\"http:\/\/conjugaison.lemonde.fr\/conjugaison\/premier-groupe\/attirer\"><i>attirer<\/i><\/a><i>\u00a0des critiques au sein de son propre camp.\u00a0\u00ab L&rsquo;<\/i><a href=\"http:\/\/www.lemonde.fr\/europe\/\"><i>Europe<\/i><\/a><i>\u00a0est totalement bloqu\u00e9e donc il faut tout\u00a0<\/i><a href=\"http:\/\/conjugaison.lemonde.fr\/conjugaison\/premier-groupe\/changer\"><i>changer<\/i><\/a><i>. Mettons de la dynamite pour tout\u00a0<\/i><a href=\"http:\/\/conjugaison.lemonde.fr\/conjugaison\/troisieme-groupe\/faire\"><i>faire<\/i><\/a><i>\u00a0exploser avant de\u00a0<\/i><a href=\"http:\/\/conjugaison.lemonde.fr\/conjugaison\/troisieme-groupe\/reconstruire\"><i>reconstruire<\/i><\/a><i>\u00a0\u00bb,\u00a0explique l&rsquo;ancien ministre des affaires europ\u00e9ennes, qui vient de\u00a0<\/i><a href=\"http:\/\/conjugaison.lemonde.fr\/conjugaison\/troisieme-groupe\/sortir\"><i>sortir<\/i><\/a><i>\u00a0un ouvrage,\u00a0<\/i>Europe\u00a0: il faut tout changer<i>\u00a0(Odile Jacob, 304 p., 19,90 euros) dans lequel il plaide pour un retour \u00e0 l&rsquo;Europe \u00e0 six, le protectionnisme, la sortie de Schengen&#8230; Le d\u00e9put\u00e9 de Haute-Loire, qui se consid\u00e8re comme un\u00a0\u00abeurolucide\u00bb\u00a0et non comme\u00a0\u00abun eurosceptique\u00bb, ne veut pas\u00a0<\/i><a href=\"http:\/\/conjugaison.lemonde.fr\/conjugaison\/troisieme-groupe\/faire\"><i>faire<\/i><\/a><i>\u00a0partie\u00a0\u00abdes responsables politiques qui disent que l&rsquo;Europe ne marche pas, sans rien\u00a0<\/i><a href=\"http:\/\/conjugaison.lemonde.fr\/conjugaison\/troisieme-groupe\/faire\"><i>faire<\/i><\/a><i>\u00a0\u00bb.\u00a0\u00ab Je tente de\u00a0<\/i><a href=\"http:\/\/conjugaison.lemonde.fr\/conjugaison\/premier-groupe\/secouer\"><i>secouer<\/i><\/a><i>\u00a0les certitudes pour\u00a0<\/i><a href=\"http:\/\/conjugaison.lemonde.fr\/conjugaison\/premier-groupe\/r%25C3%25A9veiller\"><i>r\u00e9veiller<\/i><\/a><i>\u00a0un d\u00e9bat \u00e9touff\u00e9. Au moins, mes propositions ont forc\u00e9 le d\u00e9bat \u00bb,\u00a0se f\u00e9licite-t-il avant les \u00e9lections europ\u00e9ennes du 25 mai.\u00a0\u00bb<\/i><b><i>\u00a0<\/i>Le Monde<\/b>, 23\/04\/2014<\/p>\n<p><i>\u00ab\u00a0L&rsquo;ancien ministre des Affaires europ\u00e9ennes pr\u00e9conise aujourd&rsquo;hui de sortir de Schengen mais de sauver l&rsquo;euro tout en imposant une politique mon\u00e9taire favorisant la croissance. Une dose de protectionnisme europ\u00e9en est jug\u00e9e n\u00e9cessaire pour permettre une reconqu\u00eate industrielle.<br \/>\nLaurent Wauquiez refuse le choix entre \u00ab\u00a0assister passivement \u00e0 la d\u00e9b\u00e2cle de l&rsquo;Europe\u00a0\u00bb ou bien \u00ab\u00a0laisser au Front National le monopole des propositions\u00a0\u00bb. Il n&rsquo;est pas candidat aux Europ\u00e9ennes. Ses id\u00e9es iconoclastes ont le m\u00e9rite de lancer le d\u00e9bat.\u00a0\u00bb\u00a0 <\/i>Pierre Rousselin,<b> Blog Le Figaro<\/b>, 11\/04\/2014<\/p>\n<p><i>\u00ab\u00a0Laurent Wauquiez: \u00ab\u00a0Soit l&rsquo;Europe change du tout au tout, soit elle est condamn\u00e9e\u00a0\u00bb. Laurent Wauquiez, l&rsquo;ancien ministre en charge des affaires europ\u00e9ennes de Nicolas Sarkozy, publie un br\u00fblot : L&rsquo;Europe ne peut survivre qu&rsquo;autour d&rsquo;un noyau dur de 6 pays. [\u2026] Celui qui fut pendant un an, entre 2010 et 2011, ministre charg\u00e9 des affaires europ\u00e9ennes a d\u00e9cid\u00e9 \u00e0 quelques semaines des\u00a0<\/i><a href=\"http:\/\/www.lexpress.fr\/actualite\/politique\/elections\/elections-europeennes-2014_1308560.html\"><i>\u00e9lections europ\u00e9ennes<\/i><\/a><i>\u00a0de jeter un pav\u00e9 dans la mare. En esp\u00e9rant que son cri d&rsquo;alarme permettra enfin de lancer le d\u00e9bat.\u00a0\u00bb<\/i>\u00a0B\u00e9atrice Mathieu, <b>L\u2019express<\/b>, 11\/04\/2014<\/p>\n","protected":false},"excerpt":{"rendered":"<p>Laurent Wauquiez &#8211; France<\/p>\n","protected":false},"author":1,"featured_media":3363,"comment_status":"closed","ping_status":"closed","sticky":false,"template":"","format":"standard","meta":{"footnotes":""},"categories":[313],"tags":[],"genre":[457],"annees":[469],"wps_subtitle":"","_links":{"self":[{"href":"http:\/\/livre-europeen.eu\/index.php?rest_route=\/wp\/v2\/posts\/2688"}],"collection":[{"href":"http:\/\/livre-europeen.eu\/index.php?rest_route=\/wp\/v2\/posts"}],"about":[{"href":"http:\/\/livre-europeen.eu\/index.php?rest_route=\/wp\/v2\/types\/post"}],"author":[{"embeddable":true,"href":"http:\/\/livre-europeen.eu\/index.php?rest_route=\/wp\/v2\/users\/1"}],"replies":[{"embeddable":true,"href":"http:\/\/livre-europeen.eu\/index.php?rest_route=%2Fwp%2Fv2%2Fcomments&post=2688"}],"version-history":[{"count":3,"href":"http:\/\/livre-europeen.eu\/index.php?rest_route=\/wp\/v2\/posts\/2688\/revisions"}],"predecessor-version":[{"id":3364,"href":"http:\/\/livre-europeen.eu\/index.php?rest_route=\/wp\/v2\/posts\/2688\/revisions\/3364"}],"wp:featuredmedia":[{"embeddable":true,"href":"http:\/\/livre-europeen.eu\/index.php?rest_route=\/wp\/v2\/media\/3363"}],"wp:attachment":[{"href":"http:\/\/livre-europeen.eu\/index.php?rest_route=%2Fwp%2Fv2%2Fmedia&parent=2688"}],"wp:term":[{"taxonomy":"category","embeddable":true,"href":"http:\/\/livre-europeen.eu\/index.php?rest_route=%2Fwp%2Fv2%2Fcategories&post=2688"},{"taxonomy":"post_tag","embeddable":true,"href":"http:\/\/livre-europeen.eu\/index.php?rest_route=%2Fwp%2Fv2%2Ftags&post=2688"},{"taxonomy":"genre","embeddable":true,"href":"http:\/\/livre-europeen.eu\/index.php?rest_route=%2Fwp%2Fv2%2Fgenre&post=2688"},{"taxonomy":"annees","embeddable":true,"href":"http:\/\/livre-europeen.eu\/index.php?rest_route=%2Fwp%2Fv2%2Fannees&post=2688"}],"curies":[{"name":"wp","href":"https:\/\/api.w.org\/{rel}","templated":true}]}}