{"id":2686,"date":"2014-10-01T21:37:48","date_gmt":"2014-10-01T20:37:48","guid":{"rendered":"http:\/\/livre-europeen.eu\/new2014\/?p=2686"},"modified":"2019-02-13T12:57:27","modified_gmt":"2019-02-13T11:57:27","slug":"lurgence-europeenne","status":"publish","type":"post","link":"http:\/\/livre-europeen.eu\/?p=2686","title":{"rendered":"L\u2019urgence europ\u00e9enne"},"content":{"rendered":"<h3>Marielle de Sarnez &amp; Sandro Gozi<\/h3>\n<p><b>Informations g\u00e9n\u00e9rales<\/b><\/p>\n<p>144 pages<br \/>\n<i>Editions Thad\u00e9e<br \/>\n<\/i>Mars 2014<\/p>\n<p><b>Biographie des auteurs<\/b><\/p>\n<p><b>Marielle de Sarnez <\/b>est d\u00e9put\u00e9e europ\u00e9enne, vice-pr\u00e9sidente du Mouvement d\u00e9mocrate et secr\u00e9taire g\u00e9n\u00e9rale du Parti d\u00e9mocrate europ\u00e9en. Elle est l\u2019auteur du <i>Petit dictionnaire pour faire aimer l\u2019Europe<\/i> paru en 2009 aux \u00e9ditions Grasset.<br \/>\n<b>Sandro Gozi <\/b>est sous-secr\u00e9taire charg\u00e9 des affaires europ\u00e9ennes dans le gouvernement du pr\u00e9sident du Conseil italien, Matteo Renzi. D\u00e9put\u00e9 italien, il a \u00e9t\u00e9 membre du cabinet du pr\u00e9sident de la Commission europ\u00e9enne, Romano Prodi.<br \/>\n<b>Eric Jozsef <\/b>est correspondant de <i>Lib\u00e9ration <\/i>\u00e0 Rome. Il est l\u2019auteur de plusieurs livres consacr\u00e9s \u00e0 la politique italienne.<\/p>\n<p><b>Pr\u00e9sentation de l\u2019\u00e9diteur<\/b><\/p>\n<p>En Ukraine, des millions de citoyens r\u00eavent d\u2019Europe, de notre libert\u00e9 et de notre d\u00e9mocratie. Ils n\u2019h\u00e9sitent pas \u00e0 d\u00e9fier les menaces de la Russie de Poutine. Chez nous, des millions d\u2019Europ\u00e9ens sont gagn\u00e9s par l\u2019euroscepticisme et la tentation du retour en arri\u00e8re. Dans le monde, des puissances nouvelles, \u00e0 la suite de l\u2019immense Chine, progressent \u00e0 marche forc\u00e9e, bouleversant l\u2019ancien ordre mondial.<\/p>\n<p>Voil\u00e0 l\u2019urgence europ\u00e9enne : les r\u00e9ponses que l\u2019Europe doit trouver concernent aussi bien l\u2019int\u00e9rieur de l\u2019Union, son fonctionnement et la place des citoyens, que la place de son \u00e9conomie et de ses valeurs dans un monde emport\u00e9 par la vague de la mondialisation.<\/p>\n<p>Cette urgence est au centre de ce dialogue entre deux personnalit\u00e9s politiques fran\u00e7aise et italienne, croisant leurs exp\u00e9riences, analyses et propositions, dans un langage clair et stimulant. C\u2019est cette urgence qui sera le sujet de la campagne pour les \u00e9lections europ\u00e9ennes, la neuvi\u00e8me de l\u2019histoire.<\/p>\n<p><b>Extraits<br \/>\n<\/b><i>\u00ab\u00a0MdS\u00a0: La coh\u00e9sion sociale de l\u2019Europe est un imp\u00e9ratif pour tous les Europ\u00e9ens. Le budget europ\u00e9en devrait \u00eatre l\u2019instrument naturel de cette mise \u00e0 niveau de certaines r\u00e9gions d\u2019Europe. Mais pour la premi\u00e8re fois depuis les lois de programmation budg\u00e9taire de l\u2019Union europ\u00e9enne, le cadre financier 2014-2020 sera en baisse par rapport \u00e0 la p\u00e9riode pr\u00e9c\u00e9dente. C\u2019est le prix de la crise. Bien s\u00fbr, les grandes politiques communes comme la PAC ou la politique de coh\u00e9sion r\u00e9gionale demeurent tr\u00e8s bien dot\u00e9es avec 376 milliards pour les r\u00e9gions, soit les deux tiers de toutes les d\u00e9penses sur sept ans. Et dans la mesure o\u00f9 la PAC a \u00e9t\u00e9 reform\u00e9e pour mieux repartir les subventions agricoles et que les aides r\u00e9gionales se concentrent sur les zones les plus faibles, on peut dire que ces politiques participent \u00e0 la coh\u00e9sion sociale europ\u00e9enne. Mais si nous voulons vraiment corriger les in\u00e9galit\u00e9s entre les territoires, il faudra une vraie volont\u00e9 politique qui jusqu\u2019\u00e0 pr\u00e9sent a fait d\u00e9faut, et des moyens suppl\u00e9mentaires.\u00a0\u00bb p.51<\/i><\/p>\n<p><i>\u00ab\u00a0MdS\u00a0: Si les chefs d\u2019Etat et de gouvernement europ\u00e9ens ne sont pas \u00e0 la hauteur, l\u2019Europe ne peut pas r\u00e9ussir ses rendez-vous avec l\u2019Histoire. Cela vaut aussi et surtout pour les ann\u00e9es qui viennent. Imaginer que l\u2019on puisse continuer \u00e0 \u00e9largir l\u2019Union europ\u00e9enne, avant de l\u2019approfondir et d\u2019en r\u00e9former son fonctionnement serait \u00e0 coup s\u00fbr \u00e0 contresens de la n\u00e9cessit\u00e9 historique.\u00a0\u00bbp.58<\/i><\/p>\n<p><i>\u00ab\u00a0Ah\u00a0! Lampedusa\u00a0! Quel meilleur exemple effectivement du d\u00e9cha\u00eenement de populisme que l\u2019on a connu en Italie avec Berlusconi et son ministre de l\u2019Int\u00e9rieur, Roberto Maroni, de la ligue du Nord. Ce m\u00eame discours de haine, de rejet de l\u2019autre, Roberto Maroni promettant d\u2019expulser tous les Tunisiens d\u2019Italie vers la France\u2026 Et on a abouti \u00e0 cet extraordinaire paradoxe\u00a0: alors que son coll\u00e8gue fran\u00e7ais Claude Gu\u00e9ant annon\u00e7ait que la France allait fermer ses fronti\u00e8res, Roberto Maroni r\u00e9pliquait\u00a0 \u00ab\u00a0si c\u2019est \u00e7a l\u2019Europe, il vaut mieux en sortir\u00a0\u00bb. Voil\u00e0 les d\u00e9g\u00e2ts caus\u00e9s par le choc de deux populismes nationaux. C\u2019est la premi\u00e8re fois qu\u2019un membre du gouvernement italien, m\u00eame de la ligue du Nord, sortait d\u2019un Conseil des ministres europ\u00e9ens et disait \u00e7a\u00a0! Sur le manque de solidarit\u00e9 europ\u00e9enne, il avait raison, bien s\u00fbr. Mais il n\u2019\u00e9tait pas cr\u00e9dible puisque lui-m\u00eame n\u2019envisageait pas de solution europ\u00e9enne mais de se d\u00e9fausser du probl\u00e8me sur la France. On se retrouve donc face \u00e0 deux discours identiques-et identitaires- qui pourtant finissent par entrer en conflit. C\u2019est ce que je disais tout \u00e0 l\u2019heure sur le risque qui p\u00e8se sur les d\u00e9mocraties nationales et l\u2019urgence de faire \u00e9merger une d\u00e9mocratie europ\u00e9enne pour r\u00e9soudre les probl\u00e8mes qui sont d\u2019int\u00e9r\u00eat g\u00e9n\u00e9ral europ\u00e9en, comme l\u2019asile et l\u2019immigration\u00a0\u00bb p.91<\/i><\/p>\n<p><b>Critiques<br \/>\n<\/b><i>Marielle de Sarnez sort un nouveau livre \u00e0 l\u2019occasion des \u00e9lections europ\u00e9ennes. L\u2019eurod\u00e9put\u00e9e centriste s\u2019y livre \u00e0 un dialogue avec Sandro Gozi, sous-secr\u00e9taire charg\u00e9 des Affaires europ\u00e9ennes du pr\u00e9sident du Conseil italien, Matteo Renzi. Tous les deux proclament que \u00ab\u00a0le choix europ\u00e9en est un choix de souverainet\u00e9\u00a0\u00bb. Il y a effectivement urgence.<\/i><\/p>\n<p><a href=\"http:\/\/www.taurillon.org\/_fabien-cazenave_\">Fabien Cazenave<\/a>, <b>Le Taurillon<\/b>, 12\/04\/2014<\/p>\n","protected":false},"excerpt":{"rendered":"<p>Marielle de Sarnez &amp; Sandro Gozi &#8211; France\/Italie<\/p>\n","protected":false},"author":1,"featured_media":3366,"comment_status":"closed","ping_status":"closed","sticky":false,"template":"","format":"standard","meta":{"footnotes":""},"categories":[313],"tags":[],"genre":[457],"annees":[469],"wps_subtitle":"","_links":{"self":[{"href":"http:\/\/livre-europeen.eu\/index.php?rest_route=\/wp\/v2\/posts\/2686"}],"collection":[{"href":"http:\/\/livre-europeen.eu\/index.php?rest_route=\/wp\/v2\/posts"}],"about":[{"href":"http:\/\/livre-europeen.eu\/index.php?rest_route=\/wp\/v2\/types\/post"}],"author":[{"embeddable":true,"href":"http:\/\/livre-europeen.eu\/index.php?rest_route=\/wp\/v2\/users\/1"}],"replies":[{"embeddable":true,"href":"http:\/\/livre-europeen.eu\/index.php?rest_route=%2Fwp%2Fv2%2Fcomments&post=2686"}],"version-history":[{"count":3,"href":"http:\/\/livre-europeen.eu\/index.php?rest_route=\/wp\/v2\/posts\/2686\/revisions"}],"predecessor-version":[{"id":3367,"href":"http:\/\/livre-europeen.eu\/index.php?rest_route=\/wp\/v2\/posts\/2686\/revisions\/3367"}],"wp:featuredmedia":[{"embeddable":true,"href":"http:\/\/livre-europeen.eu\/index.php?rest_route=\/wp\/v2\/media\/3366"}],"wp:attachment":[{"href":"http:\/\/livre-europeen.eu\/index.php?rest_route=%2Fwp%2Fv2%2Fmedia&parent=2686"}],"wp:term":[{"taxonomy":"category","embeddable":true,"href":"http:\/\/livre-europeen.eu\/index.php?rest_route=%2Fwp%2Fv2%2Fcategories&post=2686"},{"taxonomy":"post_tag","embeddable":true,"href":"http:\/\/livre-europeen.eu\/index.php?rest_route=%2Fwp%2Fv2%2Ftags&post=2686"},{"taxonomy":"genre","embeddable":true,"href":"http:\/\/livre-europeen.eu\/index.php?rest_route=%2Fwp%2Fv2%2Fgenre&post=2686"},{"taxonomy":"annees","embeddable":true,"href":"http:\/\/livre-europeen.eu\/index.php?rest_route=%2Fwp%2Fv2%2Fannees&post=2686"}],"curies":[{"name":"wp","href":"https:\/\/api.w.org\/{rel}","templated":true}]}}