{"id":2684,"date":"2014-10-01T21:37:13","date_gmt":"2014-10-01T20:37:13","guid":{"rendered":"http:\/\/livre-europeen.eu\/new2014\/?p=2684"},"modified":"2019-02-13T12:57:27","modified_gmt":"2019-02-13T11:57:27","slug":"il-ny-a-pas-que-leuro","status":"publish","type":"post","link":"http:\/\/livre-europeen.eu\/?p=2684","title":{"rendered":"Il n&rsquo;y a pas que l&rsquo;Euro"},"content":{"rendered":"<h3>Massimo D\u2019Alema<\/h3>\n<p><b>Informations g\u00e9n\u00e9rales<\/b><\/p>\n<p>125 pages<br \/>\n<i>Editions Saint-Simon<br \/>\n<\/i>Avril 2014<\/p>\n<p><b>Biographie de l\u2019auteur<\/b><\/p>\n<p><b>Massimo D\u2019Alema<\/b> est n\u00e9 le 20 avril 1949 \u00e0 Rome. Apr\u00e8s avoir suivi des \u00e9tudes de philosophie, il devient journaliste. En 1975, Enrico Berlinguer lui confie la direction des Jeunesses communistes. C\u2019est \u00e0 cette \u00e9poque qu\u2019il entame sa carri\u00e8re politique, qui le m\u00e8nera vers les marches du pouvoir. Nomm\u00e9 Premier ministre d\u2019Italie en 1998, il est aujourd\u2019hui le pr\u00e9sident de Fondazione Italianieuropei et de la Fondation europ\u00e9enne d\u2019\u00e9tudes progressistes (FEPS).<\/p>\n<p><b>Pr\u00e9sentation de l\u2019\u00e9diteur<\/b><\/p>\n<p><b><br \/>\n<\/b>Une Europe diff\u00e9rente.<\/p>\n<p>Une Europe qui regarde vers l\u2019avenir, confiante en elle-m\u00eame et en ses valeurs.<\/p>\n<p>Une Europe plus d\u00e9mocratique, tourn\u00e9e vers le travail, l\u2019innovation, la croissance durable \u2013 et non vers l\u2019aust\u00e9rit\u00e9.<\/p>\n<p>Une Europe capable, enfin, de retrouver toute sa place sur la sc\u00e8ne internationale.<\/p>\n<p>Tel est le projet \u2013 enthousiasmant \u2013 que dessine ici Massimo D\u2019Alema. Une autre voie possible pour que, \u00e0 l\u2019heure de la mont\u00e9e des forces anti-europ\u00e9ennes et des populismes, l\u2019Union europ\u00e9enne incarne \u00e0 nouveau l\u2019espoir de la g\u00e9n\u00e9ration de demain.<\/p>\n<p><b>Extraits<br \/>\n<\/b><i>\u00ab\u00a0C\u2019est donc \u00e0 Bruxelles qu\u2019il faut affronter la crise politique de l\u2019Union. C\u2019est l\u00e0 que sont prises les principales d\u00e9cisions importantes sur les politiques \u00e9conomiques. Et c\u2019est l\u00e0 qu\u2019a pris forme le pouvoir bureaucratique et technocratique tel qu\u2019il appara\u00eet aux citoyens europ\u00e9ens, un pouvoir d\u00e9tach\u00e9 de la r\u00e9alit\u00e9 des gens ordinaires, qui se sentent impuissants et incapables d\u2019exercer la moindre influence ou le moindre contr\u00f4le sur les processus d\u00e9cisionnels. Il y a une sorte de d\u00e9saxage entre, d\u2019un c\u00f4t\u00e9, le processus de prise de d\u00e9cisions et, de l\u2019autre, la confrontation politique et le d\u00e9bat public qui devraient normalement accompagner toute d\u00e9cision dans les syst\u00e8mes d\u00e9mocratiques, les rendre compr\u00e9hensibles par tous et permettre d\u2019\u00e9laborer un consensus autour d\u2019elles. Cette id\u00e9e met en doute l\u2019actuelle structure institutionnelle et la fa\u00e7on dont elle fonctionne.\u00a0\u00bb p.21<\/i><\/p>\n<p><i>\u00ab\u00a0L\u2019origine de la crise est pr\u00e9cis\u00e9ment la chute du ch\u00e2teau de cartes construit par le syst\u00e8me financier mondial\u00a0: l\u2019effondrement de la titrisation des subprimes a compromis la liquidit\u00e9 sur les march\u00e9s mon\u00e9taires et sap\u00e9 la confiance dans les march\u00e9s obligataires mondiaux. Les autorit\u00e9s publiques ont \u00e9t\u00e9 forc\u00e9es de prendre des mesures d\u2019urgence sans pr\u00e9c\u00e9dent, en utilisant une \u00e9norme quantit\u00e9 des ressources des contribuables pour soutenir le syst\u00e8me bancaire et pour en augmenter l\u2019avoir propre, en \u00e9tendant la protection des m\u00e9gabanques (trop grosses pour tomber) afin d\u2019emp\u00eacher l\u2019effondrement du syst\u00e8me financier.\u00a0\u00bb p.57<\/i><\/p>\n<p><b>Critiques<br \/>\n<\/b><i>\u00ab\u00a0&#8211; Dans votre livre, vous insistez sur la faiblesse politique en Europe\u2026<br \/>\n&#8211; Je pense qu\u2019en Europe, la crise est davantage politique qu\u2019\u00e9conomique. La faiblesse de la dimension politique en Europe rend difficile toute r\u00e9ponse efficace \u00e0 la crise \u00e9conomique. Les Etats-Unis, eux, ont d\u00e9cid\u00e9 de soutenir la relance \u00e9conomique par une intervention de l\u2019Etat et de forts investissements publics. L\u2019Europe n\u2019a pas les institutions capables de prendre ce type de d\u00e9cision.\u00a0\u00bb<br \/>\n<\/i><b>Challenges.fr<\/b><\/p>\n<p><i>\u00ab\u00a0Dans Face \u00e0 l&rsquo;Europe, Eddy Caekelberghs re\u00e7oit Massimo D&rsquo;Alema, auteur d&rsquo;un livre-pamphlet \u00ab\u00a0<\/i>It is not just about euro<i>\u00ab\u00a0. Une r\u00e9flexion sur L&rsquo;Europe, une proposition concr\u00e8te pour l&rsquo;Europe allant, au-del\u00e0 de l&rsquo;aust\u00e9rit\u00e9, vers une Union plus d\u00e9mocratique et inclusive, une Union tourn\u00e9e vers le travail, l&rsquo;innovation et une croissance durable, une Union en mesure de retrouver son r\u00f4le sur la sc\u00e8ne internationale. En abordant le risque de la progression des forces anti-europ\u00e9ennes et des mouvements populistes, ce livre sugg\u00e8re une voie possible vers une Europe qui, \u00e0 partir de ses valeurs fondamentales et consciente de sa singularit\u00e9 et de son potentiel, incarne de nouveau l&rsquo;espoir pour la jeune g\u00e9n\u00e9ration.\u00a0\u00bb\u00a0 <\/i><b>RTBF, <\/b>10\/04\/2014<\/p>\n<p><i>\u00ab\u00a0Le bref essai de Massimo D\u2019Alema, figure de r\u00e9f\u00e9rence de la gauche d\u00e9mocratique italienne, tranche par ses convictions incisives. [\u2026] L\u2019\u00e9tat des lieux que dresse celui qui est devenu pr\u00e9sident de la Fondation europ\u00e9enne d\u2019\u00e9tudes progressistes est sans complaisance. [\u2026] Il pourfend nombre d\u2019id\u00e9es re\u00e7ues, notamment sur le mod\u00e8le allemand, soulignant que <\/i>\u00ab\u00a0le pays qui passe dans les m\u00e9dias pour la locomotive de l\u2019Europe, au lieu de stimuler la croissance de tout le continent, continue plut\u00f4t \u00e0 se faire tirer par la demande de biens et de services des autres pays.<i>\u00a0\u00bb\u00a0\u00bb\u00a0<\/i><\/p>\n<p>Marc Semo, <b>Lib\u00e9ration, <\/b>06\/05\/2014<\/p>\n","protected":false},"excerpt":{"rendered":"<p>Massimo D\u2019Alema &#8211;\u00a0Italie<\/p>\n","protected":false},"author":1,"featured_media":3372,"comment_status":"closed","ping_status":"closed","sticky":false,"template":"","format":"standard","meta":{"footnotes":""},"categories":[313],"tags":[],"genre":[457],"annees":[469],"wps_subtitle":"","_links":{"self":[{"href":"http:\/\/livre-europeen.eu\/index.php?rest_route=\/wp\/v2\/posts\/2684"}],"collection":[{"href":"http:\/\/livre-europeen.eu\/index.php?rest_route=\/wp\/v2\/posts"}],"about":[{"href":"http:\/\/livre-europeen.eu\/index.php?rest_route=\/wp\/v2\/types\/post"}],"author":[{"embeddable":true,"href":"http:\/\/livre-europeen.eu\/index.php?rest_route=\/wp\/v2\/users\/1"}],"replies":[{"embeddable":true,"href":"http:\/\/livre-europeen.eu\/index.php?rest_route=%2Fwp%2Fv2%2Fcomments&post=2684"}],"version-history":[{"count":3,"href":"http:\/\/livre-europeen.eu\/index.php?rest_route=\/wp\/v2\/posts\/2684\/revisions"}],"predecessor-version":[{"id":3373,"href":"http:\/\/livre-europeen.eu\/index.php?rest_route=\/wp\/v2\/posts\/2684\/revisions\/3373"}],"wp:featuredmedia":[{"embeddable":true,"href":"http:\/\/livre-europeen.eu\/index.php?rest_route=\/wp\/v2\/media\/3372"}],"wp:attachment":[{"href":"http:\/\/livre-europeen.eu\/index.php?rest_route=%2Fwp%2Fv2%2Fmedia&parent=2684"}],"wp:term":[{"taxonomy":"category","embeddable":true,"href":"http:\/\/livre-europeen.eu\/index.php?rest_route=%2Fwp%2Fv2%2Fcategories&post=2684"},{"taxonomy":"post_tag","embeddable":true,"href":"http:\/\/livre-europeen.eu\/index.php?rest_route=%2Fwp%2Fv2%2Ftags&post=2684"},{"taxonomy":"genre","embeddable":true,"href":"http:\/\/livre-europeen.eu\/index.php?rest_route=%2Fwp%2Fv2%2Fgenre&post=2684"},{"taxonomy":"annees","embeddable":true,"href":"http:\/\/livre-europeen.eu\/index.php?rest_route=%2Fwp%2Fv2%2Fannees&post=2684"}],"curies":[{"name":"wp","href":"https:\/\/api.w.org\/{rel}","templated":true}]}}