{"id":2620,"date":"2014-10-01T16:57:13","date_gmt":"2014-10-01T15:57:13","guid":{"rendered":"http:\/\/livre-europeen.eu\/new2014\/?p=2620"},"modified":"2019-02-13T12:57:50","modified_gmt":"2019-02-13T11:57:50","slug":"leurope-les-defis-a-venir-de-la-premiere-puissance-economique-mondiale","status":"publish","type":"post","link":"http:\/\/livre-europeen.eu\/?p=2620","title":{"rendered":"L\u2019Europe &#8211; Les d\u00e9fis \u00e0 venir de la premi\u00e8re puissance \u00e9conomique mondiale"},"content":{"rendered":"<h3>Elisabeth Guigou<\/h3>\n<p><b>Informations g\u00e9n\u00e9rales<\/b><\/p>\n<p>223 pages<br \/>\n<i>Editions le Cherche-Midi<br \/>\n<\/i>Avril 2014<\/p>\n<p><b>Biographie de l\u2019auteur<\/b><\/p>\n<p><b>\u00c9lisabeth Guigou<\/b>, pr\u00e9sidente de la Commission des affaires \u00e9trang\u00e8res de l\u2019Assembl\u00e9e nationale, ancienne ministre, a cr\u00e9\u00e9 l\u2019association Europartenaires. Elle si\u00e8ge au conseil d\u2019administration de la fondation Notre Europe-Institut Jacques Delors, et au Comit\u00e9 d\u2019orientation politique de l\u2019IPEMED.<\/p>\n<p><b>Pr\u00e9sentation de l\u2019\u00e9diteur<\/b><\/p>\n<p>Plus que jamais, l&rsquo;Europe est notre avenir. Premi\u00e8re puissance \u00e9conomique au monde, seul espace politique o\u00f9 la peine de mort est abolie, r\u00e9f\u00e9rence universelle pour ses valeurs, sa justice sociale et son mod\u00e8le de d\u00e9veloppement, premier donateur d&rsquo;aide au d\u00e9veloppement des pays du tiers-monde, l&rsquo;Europe est envi\u00e9e \u00e0 l&rsquo;ext\u00e9rieur de ses fronti\u00e8res. Les peuples priv\u00e9s de libert\u00e9, de droits, d&rsquo;\u00e9ducation, de protection sociale la regardent comme un mod\u00e8le et un espoir alors que certains Europ\u00e9ens s&rsquo;en \u00e9cartent, voire la rejettent.<br \/>\nSerait-elle devenue une entit\u00e9 bureaucratique d\u00e9connect\u00e9e de leurs attentes et de leurs besoins ? Un gouffre se creuse entre l&rsquo;Union europ\u00e9enne et la majorit\u00e9 de ses citoyens, qui aujourd&rsquo;hui menace l&rsquo;id\u00e9e m\u00eame d&rsquo;Europe.<br \/>\nCe diagnostic n&rsquo;est pas totalement infond\u00e9. Les dirigeants de l&rsquo;Union europ\u00e9enne n&rsquo;ont pas vu venir la crise. L&rsquo;Europe est pourtant notre seule chance dans la mondialisation. Encore faut-il lui fixer un cap et des priorit\u00e9s. C&rsquo;est possible, si l&rsquo;on retrouve pragmatisme et vision, volont\u00e9 et courage.<\/p>\n<p>De la crise, na\u00eetra la nouvelle Europe.<\/p>\n<p><b>Extraits<br \/>\n<\/b><\/p>\n<p><i>\u00ab\u00a0Dynamiser l\u2019Union \u00e0 28. Les membres de la zone euro ont un puissant int\u00e9r\u00eat \u00e0 sauver durablement cette derni\u00e8re. Mais c\u2019est aussi l\u2019int\u00e9r\u00eat des Etats hors zone euro. Et il est de l\u2019int\u00e9r\u00eat de tous que l\u2019Union \u00e0 28 ne s\u2019affaiblisse pas et ne devienne pas une union de seconde zone\u00a0: l\u2019interd\u00e9pendance des dix-huit membres de l\u2019euro avec les dix qui n\u2019ont pas rejoint la monnaie unique, \u00e0 travers le march\u00e9 unique et les politiques communes qui l\u2019accompagnent, est forte. Il est donc indispensable d\u2019\u00e0 la fois renforcer la zone euro et de dynamiser l\u2019Union \u00e0 28.\u00a0\u00bb p.105<\/i><\/p>\n<p><i>\u00ab\u00a0Les repr\u00e9sentations nationales v\u00e9hiculent quant \u00e0 elles de nombreux st\u00e9r\u00e9otypes, fa\u00e7onn\u00e9s par des si\u00e8cles de conflits, de rivalit\u00e9s et de confrontations guerri\u00e8res ou pacifiques. Les p\u00e9riodes de crise \u00e9conomique et sociale exacerbent le repli sur soi, la recherche de la proximit\u00e9. Les ann\u00e9es 1930 ont port\u00e9 ces ph\u00e9nom\u00e8nes \u00e0 leur paroxysme. Aujourd\u2019hui, les peuples europ\u00e9ens ont la m\u00e9moire de l\u2019holocauste, et nombreuses sont les sentinelles qui veillent et alertent lorsqu\u2019une r\u00e9surgence des poisons menace. Il reste que nos soci\u00e9t\u00e9s voient ressurgir des mouvements et des partis politiques fondant leur popularit\u00e9 sur le rejet des \u00e9trangers. En France, c\u2019est le Front national, o\u00f9 la fille de Jean-Marie Le Pen entretient \u00e0 propos des musulmans les amalgames que son p\u00e8re entretenait \u00e0 propos des juifs. En Gr\u00e8ce, un parti nazi est entr\u00e9 au Parlement. Au Royaume-Uni, la soi-disant menace d\u2019un envahisseur \u00e9tranger enflamme le d\u00e9bat politique.\u00a0\u00bb p.128<\/i><\/p>\n<p><b>Critiques<\/b><\/p>\n<p><i>\u00ab\u00a0Dans son livre <\/i>L\u2019Europe. Les d\u00e9fis \u00e0 venir de la premi\u00e8re puissance \u00e9conomique mondiale,<i> Elisabeth Guigou d\u00e9montre que, malgr\u00e9 retards et atermoiements pendant la crise, Angela Merkel a bien fait le choix de l\u2019Europe. Les derni\u00e8res nominations au gouvernement fran\u00e7ais laissent planer le doute sur l\u2019engagement de la France. Fran\u00e7ois Hollande a-t-il, lui aussi, fait le choix de l\u2019Union Europ\u00e9enne ?\u00a0\u00bb <\/i>V\u00e9ronique Auger, <b>France TV Info<\/b>, 04\/04\/2014<\/p>\n","protected":false},"excerpt":{"rendered":"<p>Elisabeth Guigou &#8211; France<\/p>\n","protected":false},"author":1,"featured_media":3342,"comment_status":"closed","ping_status":"closed","sticky":false,"template":"","format":"standard","meta":{"footnotes":""},"categories":[313],"tags":[],"genre":[457],"annees":[469],"wps_subtitle":"","_links":{"self":[{"href":"http:\/\/livre-europeen.eu\/index.php?rest_route=\/wp\/v2\/posts\/2620"}],"collection":[{"href":"http:\/\/livre-europeen.eu\/index.php?rest_route=\/wp\/v2\/posts"}],"about":[{"href":"http:\/\/livre-europeen.eu\/index.php?rest_route=\/wp\/v2\/types\/post"}],"author":[{"embeddable":true,"href":"http:\/\/livre-europeen.eu\/index.php?rest_route=\/wp\/v2\/users\/1"}],"replies":[{"embeddable":true,"href":"http:\/\/livre-europeen.eu\/index.php?rest_route=%2Fwp%2Fv2%2Fcomments&post=2620"}],"version-history":[{"count":4,"href":"http:\/\/livre-europeen.eu\/index.php?rest_route=\/wp\/v2\/posts\/2620\/revisions"}],"predecessor-version":[{"id":3343,"href":"http:\/\/livre-europeen.eu\/index.php?rest_route=\/wp\/v2\/posts\/2620\/revisions\/3343"}],"wp:featuredmedia":[{"embeddable":true,"href":"http:\/\/livre-europeen.eu\/index.php?rest_route=\/wp\/v2\/media\/3342"}],"wp:attachment":[{"href":"http:\/\/livre-europeen.eu\/index.php?rest_route=%2Fwp%2Fv2%2Fmedia&parent=2620"}],"wp:term":[{"taxonomy":"category","embeddable":true,"href":"http:\/\/livre-europeen.eu\/index.php?rest_route=%2Fwp%2Fv2%2Fcategories&post=2620"},{"taxonomy":"post_tag","embeddable":true,"href":"http:\/\/livre-europeen.eu\/index.php?rest_route=%2Fwp%2Fv2%2Ftags&post=2620"},{"taxonomy":"genre","embeddable":true,"href":"http:\/\/livre-europeen.eu\/index.php?rest_route=%2Fwp%2Fv2%2Fgenre&post=2620"},{"taxonomy":"annees","embeddable":true,"href":"http:\/\/livre-europeen.eu\/index.php?rest_route=%2Fwp%2Fv2%2Fannees&post=2620"}],"curies":[{"name":"wp","href":"https:\/\/api.w.org\/{rel}","templated":true}]}}