{"id":2608,"date":"2014-10-01T16:54:36","date_gmt":"2014-10-01T15:54:36","guid":{"rendered":"http:\/\/livre-europeen.eu\/new2014\/?p=2608"},"modified":"2019-02-13T12:57:51","modified_gmt":"2019-02-13T11:57:51","slug":"pourquoi-aimer-leurope-maintenant","status":"publish","type":"post","link":"http:\/\/livre-europeen.eu\/?p=2608","title":{"rendered":"Pourquoi aimer l&rsquo;Europe&#8230; Maintenant ?"},"content":{"rendered":"<h3><b>Jimmy Jamar<\/b><\/h3>\n<p><b>Informations g\u00e9n\u00e9rales<\/b><\/p>\n<p>170 pages<br \/>\n<i>Editions La Bo\u00eete \u00e0 Pandore<br \/>\n<\/i>2014<\/p>\n<p><b>Biographie de l\u2019auteur<\/b><\/p>\n<p><b>Jimmy Jamar<\/b> est Chef de la Repr\u00e9sentation de la Commission europ\u00e9enne pour la Belgique.<\/p>\n<p><b>Pr\u00e9sentation de l\u2019\u00e9diteur<\/b><\/p>\n<p>Oui, on peut aimer l\u2019Europe maintenant.<\/p>\n<p>Et cela m\u00eame si elle est pour l\u2019instant dans une phase de \u00ab d\u00e9samour \u00bb avec ses citoyens ou peut-\u00eatre justement \u00e0 cause de cela.<\/p>\n<p>Jimmy Jamar, avec lucidit\u00e9, mais aussi enthousiasme, parle de cette Europe qui balance entre espoir et impatience.<br \/>\nIl tente de d\u00e9terminer les causes de la d\u00e9saffection des citoyens et dresse des pistes audacieuses de r\u00e9flexion sur le futur de cette Europe et surtout sur la mani\u00e8re dont il faut la communiquer.<\/p>\n<p>Un livre \u00e9tonnant et passionnant.<\/p>\n<p><b>Extraits<br \/>\n<\/b><\/p>\n<p><i>\u00ab\u00a0C\u2019est par et avec les citoyens d\u2019Europe que cette nouvelle ambition pourra s\u2019accomplir. L\u2019Ann\u00e9e europ\u00e9enne des Citoyens en 2013 et la pr\u00e9paration des \u00e9lections europ\u00e9ennes de 2014 offrent pr\u00e9cis\u00e9ment l\u2019occasion de ce coming out europ\u00e9en. Afin qu\u2019un jour prochain, les dizaines de camionnettes de cha\u00eenes de t\u00e9l\u00e9vision gar\u00e9es trois jours durant devant les institutions europ\u00e9ennes ne soient plus l\u00e0 pour commenter des bisbilles st\u00e9riles, mais pour t\u00e9moigner enfin d\u2019un esprit retrouv\u00e9.\u00a0\u00bbp.55<\/i><\/p>\n<p><i>\u00ab\u00a0Serait-ce une Europe o\u00f9 la dette publique serait ramen\u00e9e partout \u00e0 moins de 60%\u00a0? O\u00f9 les d\u00e9ficits structurels ne d\u00e9passeraient plus les 2%\u00a0? O\u00f9 le taux d\u2019emploi pour la population \u00e2g\u00e9e de vingt \u00e0 soixante-quatre ans atteindrait 75% d\u2019actifs dans les Etats membres\u00a0? O\u00f9 les investissements dans la recherche et l\u2019innovation franchiraient la barre des 3% du PIB\u00a0? O\u00f9 la r\u00e9duction des \u00e9missions de gaz \u00e0 effet de serre serait r\u00e9duite de 20 % par rapport \u00e0 la situation de 1990\u00a0? Une Europe o\u00f9 le taux de d\u00e9crochage scolaire serait ramen\u00e9 sous le seuil des 10%\u00a0? Et o\u00f9 le nombre de personnes sous le seuil de pauvret\u00e9 serait abaiss\u00e9 de plusieurs dizaines de millions\u00a0? Une Europe normale, serait-ce une Europe qui prot\u00e8ge ses travailleurs, gr\u00e2ce \u00e0 la mise en \u0153uvre d\u2019une v\u00e9ritable politique sociale, et ses entreprises, par l\u2019efficacit\u00e9 de sa politique industrielle\u00a0? Serait-ce une Europe o\u00f9 primeraient les valeurs d\u2019\u00e9quit\u00e9 et de solidarit\u00e9 qui constituent la base d\u2019un projet \u00e9labor\u00e9 par les P\u00e8res fondateurs\u00a0? Une Europe normale, enfin, serait-ce une Europe o\u00f9 une vaste majorit\u00e9 de la population se sentirait concern\u00e9e par les d\u00e9cisions prises en son nom et qui serait convaincue que le projet europ\u00e9en la prot\u00e8ge et lui b\u00e9n\u00e9ficie\u00a0?\u00a0\u00bb p.72<\/i><\/p>\n<p><b>Critiques<\/b><\/p>\n<p><i>\u00ab\u00a0Jimmy Jamar est le chef de la Repr\u00e9sentation de la Commission europ\u00e9enne pour la Belgique. Il vient de publier <\/i>Pourquoi aimer l\u2019Europe\u2026maintenant?<i>, qui rassemble des textes publi\u00e9s sur son blog. Dans le livre, vous attaquez, parfois durement, les gouvernements. Ne prennent-ils pas leurs responsabilit\u00e9s\u00a0?<\/i><\/p>\n<p><i>On a vu un retour du \u00ab\u00a0chacun tirant la couverture \u00e0 soi\u00a0\u00bb\u00a0! C\u2019est l\u00e0 que la vision \u2013 ou quelqu\u2019un qui pouvait porter ce projet \u2013 a manqu\u00e9. Et il y a eu un certain manque de courage politique, pour porter plus loin le projet, ou en tout cas pour dire aussi ce que l\u2019Europe fait de bien. L\u2019Europe est \u00e9videmment le bouc \u00e9missaire des situations nationales\u2026\u00a0\u00bb <\/i>Maroun Labaki, <b>Le Soir, <\/b>8\/05\/2014<\/p>\n","protected":false},"excerpt":{"rendered":"<p>Jimmy Jamar &#8211; Belgique<\/p>\n","protected":false},"author":1,"featured_media":3321,"comment_status":"closed","ping_status":"closed","sticky":false,"template":"","format":"standard","meta":{"footnotes":""},"categories":[313],"tags":[],"genre":[457],"annees":[469],"wps_subtitle":"","_links":{"self":[{"href":"http:\/\/livre-europeen.eu\/index.php?rest_route=\/wp\/v2\/posts\/2608"}],"collection":[{"href":"http:\/\/livre-europeen.eu\/index.php?rest_route=\/wp\/v2\/posts"}],"about":[{"href":"http:\/\/livre-europeen.eu\/index.php?rest_route=\/wp\/v2\/types\/post"}],"author":[{"embeddable":true,"href":"http:\/\/livre-europeen.eu\/index.php?rest_route=\/wp\/v2\/users\/1"}],"replies":[{"embeddable":true,"href":"http:\/\/livre-europeen.eu\/index.php?rest_route=%2Fwp%2Fv2%2Fcomments&post=2608"}],"version-history":[{"count":3,"href":"http:\/\/livre-europeen.eu\/index.php?rest_route=\/wp\/v2\/posts\/2608\/revisions"}],"predecessor-version":[{"id":3322,"href":"http:\/\/livre-europeen.eu\/index.php?rest_route=\/wp\/v2\/posts\/2608\/revisions\/3322"}],"wp:featuredmedia":[{"embeddable":true,"href":"http:\/\/livre-europeen.eu\/index.php?rest_route=\/wp\/v2\/media\/3321"}],"wp:attachment":[{"href":"http:\/\/livre-europeen.eu\/index.php?rest_route=%2Fwp%2Fv2%2Fmedia&parent=2608"}],"wp:term":[{"taxonomy":"category","embeddable":true,"href":"http:\/\/livre-europeen.eu\/index.php?rest_route=%2Fwp%2Fv2%2Fcategories&post=2608"},{"taxonomy":"post_tag","embeddable":true,"href":"http:\/\/livre-europeen.eu\/index.php?rest_route=%2Fwp%2Fv2%2Ftags&post=2608"},{"taxonomy":"genre","embeddable":true,"href":"http:\/\/livre-europeen.eu\/index.php?rest_route=%2Fwp%2Fv2%2Fgenre&post=2608"},{"taxonomy":"annees","embeddable":true,"href":"http:\/\/livre-europeen.eu\/index.php?rest_route=%2Fwp%2Fv2%2Fannees&post=2608"}],"curies":[{"name":"wp","href":"https:\/\/api.w.org\/{rel}","templated":true}]}}