{"id":2557,"date":"2020-01-14T10:55:40","date_gmt":"2020-01-14T09:55:40","guid":{"rendered":"http:\/\/livre-europeen.eu\/new2014\/?p=2557"},"modified":"2020-07-22T13:44:27","modified_gmt":"2020-07-22T12:44:27","slug":"jacques-delors","status":"publish","type":"post","link":"http:\/\/livre-europeen.eu\/?p=2557","title":{"rendered":"Jacques Delors"},"content":{"rendered":"<div class=\"block -medium main\">\n<div class=\"inner\">\n<div class=\"tabs -js-tabs\">\n<table class=\" aligncenter\" style=\"width: 1080px; border-style: none;\">\n<tbody>\n<tr>\n<td style=\"border-style: hidden; text-align: center; vertical-align: top; width: 262px;\">\n<h3>Pr\u00e9sident d&rsquo;honneur<br \/>\ndu comit\u00e9 de parrainage<\/h3>\n<h4>pays : France<\/h4>\n<p>&nbsp;<\/p>\n<p><img loading=\"lazy\" decoding=\"async\" class=\"attachment-266x266 size-266x266\" src=\"http:\/\/livre-europeen.eu\/wp-content\/uploads\/2019\/09\/J.-Delors-150x150-1.jpg\" alt=\"\" width=\"150\" height=\"150\" \/><\/td>\n<td style=\"border-style: hidden; vertical-align: top; width: 786px;\">\n<h1>Jacques Delors<\/h1>\n<h2>Fondateur Notre Europe \u2013 Institut Jacques Delors Pr\u00e9sident de la Commission europ\u00e9enne (1985-1995)<\/h2>\n<hr \/>\n<p class=\"p1\"><span class=\"s1\"><strong>Jacques Delors<\/strong> est ministre de l\u2019\u00c9conomie, des finances et du budget de 1981 \u00e0 1984. Connu pour son engagement europ\u00e9en, il est pr\u00e9sident de la Commission europ\u00e9enne\u00a0de 1985 \u00e0 1995 et fondateur de l\u2019institut de recherche Notre Europe \u2013 Institut Jacques Delors dont la vocation est de\u00a0\u00ab\u00a0penser l&rsquo;unit\u00e9 europ\u00e9enne\u00a0\u00bb.<\/span><\/p>\n<\/td>\n<\/tr>\n<\/tbody>\n<\/table>\n<p style=\"text-align: justify;\">\n<\/div>\n<\/div>\n<\/div>\n","protected":false},"excerpt":{"rendered":"<h4>Pr\u00e9sident d&rsquo;honneur du comit\u00e9 de parrainage, France<\/h4>\n<h1><span style=\"font-weight: 200;\">Jacques Delors<\/span><\/h1>\n<h2><span style=\"font-weight: 200;\">Fondateur Notre Europe \u2013 Institut Jacques Delors  Pr\u00e9sident de la Commission europ\u00e9enne (1985-1995)<\/span><\/p>\n<h2>\n","protected":false},"author":1,"featured_media":0,"comment_status":"closed","ping_status":"closed","sticky":false,"template":"","format":"standard","meta":{"footnotes":""},"categories":[323],"tags":[388],"genre":[559],"annees":[490,461,463,465,467,469,471,473,475,477,479,481,483],"wps_subtitle":"","_links":{"self":[{"href":"http:\/\/livre-europeen.eu\/index.php?rest_route=\/wp\/v2\/posts\/2557"}],"collection":[{"href":"http:\/\/livre-europeen.eu\/index.php?rest_route=\/wp\/v2\/posts"}],"about":[{"href":"http:\/\/livre-europeen.eu\/index.php?rest_route=\/wp\/v2\/types\/post"}],"author":[{"embeddable":true,"href":"http:\/\/livre-europeen.eu\/index.php?rest_route=\/wp\/v2\/users\/1"}],"replies":[{"embeddable":true,"href":"http:\/\/livre-europeen.eu\/index.php?rest_route=%2Fwp%2Fv2%2Fcomments&post=2557"}],"version-history":[{"count":17,"href":"http:\/\/livre-europeen.eu\/index.php?rest_route=\/wp\/v2\/posts\/2557\/revisions"}],"predecessor-version":[{"id":10932,"href":"http:\/\/livre-europeen.eu\/index.php?rest_route=\/wp\/v2\/posts\/2557\/revisions\/10932"}],"wp:attachment":[{"href":"http:\/\/livre-europeen.eu\/index.php?rest_route=%2Fwp%2Fv2%2Fmedia&parent=2557"}],"wp:term":[{"taxonomy":"category","embeddable":true,"href":"http:\/\/livre-europeen.eu\/index.php?rest_route=%2Fwp%2Fv2%2Fcategories&post=2557"},{"taxonomy":"post_tag","embeddable":true,"href":"http:\/\/livre-europeen.eu\/index.php?rest_route=%2Fwp%2Fv2%2Ftags&post=2557"},{"taxonomy":"genre","embeddable":true,"href":"http:\/\/livre-europeen.eu\/index.php?rest_route=%2Fwp%2Fv2%2Fgenre&post=2557"},{"taxonomy":"annees","embeddable":true,"href":"http:\/\/livre-europeen.eu\/index.php?rest_route=%2Fwp%2Fv2%2Fannees&post=2557"}],"curies":[{"name":"wp","href":"https:\/\/api.w.org\/{rel}","templated":true}]}}