{"id":2542,"date":"2016-07-20T13:04:17","date_gmt":"2016-07-20T12:04:17","guid":{"rendered":"http:\/\/livre-europeen.eu\/new2014\/?p=2542"},"modified":"2019-02-18T16:18:05","modified_gmt":"2019-02-18T15:18:05","slug":"guy-verhofstadt","status":"publish","type":"post","link":"http:\/\/livre-europeen.eu\/?p=2542","title":{"rendered":"Guy Verhofstadt"},"content":{"rendered":"<div class=\"block -medium main\">\n<div class=\"inner\">\n<div class=\"tabs -js-tabs\">\n<table class=\" aligncenter\" style=\"width: 1080px; border-style: none;\">\n<tbody>\n<tr>\n<td style=\"border-style: hidden; text-align: center; vertical-align: top; width: 262px;\">\n<h3>Membre du comit\u00e9<br \/>\nde parrainage<br \/>\n2018, 2017, 2015, 2014, 2013, 2012, 2011, 2010, 2009, 2008 et 2007<\/h3>\n<h4>pays : Belgique<\/h4>\n<p>&nbsp;<\/p>\n<p><strong><img loading=\"lazy\" decoding=\"async\" class=\"alignnone wp-image-4806 size-thumbnail\" src=\"http:\/\/livre-europeen.eu\/wp-content\/uploads\/2014\/09\/Verhof-150x150.jpg\" alt=\"\" width=\"150\" height=\"150\" srcset=\"http:\/\/livre-europeen.eu\/wp-content\/uploads\/2014\/09\/Verhof-150x150.jpg 150w, http:\/\/livre-europeen.eu\/wp-content\/uploads\/2014\/09\/Verhof.jpg 200w\" sizes=\"(max-width: 150px) 100vw, 150px\" \/><\/strong><br \/>\nPhoto : D.R.<\/td>\n<td style=\"border-style: hidden; vertical-align: top; width: 786px;\">\n<h1>Guy Verhofstadt<\/h1>\n<h2>Premier Ministre de Belgique (1999-2008)<br \/>\nPr\u00e9sident du groupe \u00ab\u00a0Alliance des d\u00e9mocrates et des lib\u00e9raux\u00a0\u00bb au Parlement europ\u00e9en<\/h2>\n<hr \/>\n<p class=\"p1\"><span class=\"s1\">Membre de l&rsquo;Open VLD, de tendance lib\u00e9rale, <strong>Guy Verhofstadt<\/strong> est Premier ministre du Royaume de Belgique de 1999 \u00e0 2008. Depuis le 30 juin 2009, il est d\u00e9put\u00e9 et pr\u00e9side le groupe parlementaire Alliance des d\u00e9mocrates et des lib\u00e9raux pour l\u2019Europe (ADLE). Il est \u00e9galement co-fondateur du Groupe Spinelli, qui vise \u00e0 rassembler les d\u00e9put\u00e9s europ\u00e9ens f\u00e9d\u00e9ralistes parmi les diverses tendances politiques.\u00a0<\/span><\/p>\n<\/td>\n<\/tr>\n<\/tbody>\n<\/table>\n<p style=\"text-align: justify;\">\n<\/div>\n<\/div>\n<\/div>\n","protected":false},"excerpt":{"rendered":"<h4>2018, 2017, 2015, 2014, 2013, 2012, 2011, 2010, 2009, 2008, 2007, Membre du comit\u00e9 de parrainage, France<\/h4>\n<h1><span style=\"font-weight: 200;\">Guy Verhofstadt<\/span><\/h1>\n<h2><span style=\"font-weight: 200;\">Premier Ministre de Belgique (1999-2008) Pr\u00e9sident du groupe \u00ab\u00a0Alliance des d\u00e9mocrates et des lib\u00e9raux\u00a0\u00bb au Parlement europ\u00e9en<\/span><\/p>\n<h2>\n","protected":false},"author":1,"featured_media":4806,"comment_status":"closed","ping_status":"closed","sticky":false,"template":"","format":"standard","meta":{"footnotes":""},"categories":[323],"tags":[273],"genre":[],"annees":[461,463,467,469,471,473,475,477,479,481,483],"wps_subtitle":"","_links":{"self":[{"href":"http:\/\/livre-europeen.eu\/index.php?rest_route=\/wp\/v2\/posts\/2542"}],"collection":[{"href":"http:\/\/livre-europeen.eu\/index.php?rest_route=\/wp\/v2\/posts"}],"about":[{"href":"http:\/\/livre-europeen.eu\/index.php?rest_route=\/wp\/v2\/types\/post"}],"author":[{"embeddable":true,"href":"http:\/\/livre-europeen.eu\/index.php?rest_route=\/wp\/v2\/users\/1"}],"replies":[{"embeddable":true,"href":"http:\/\/livre-europeen.eu\/index.php?rest_route=%2Fwp%2Fv2%2Fcomments&post=2542"}],"version-history":[{"count":16,"href":"http:\/\/livre-europeen.eu\/index.php?rest_route=\/wp\/v2\/posts\/2542\/revisions"}],"predecessor-version":[{"id":9836,"href":"http:\/\/livre-europeen.eu\/index.php?rest_route=\/wp\/v2\/posts\/2542\/revisions\/9836"}],"wp:featuredmedia":[{"embeddable":true,"href":"http:\/\/livre-europeen.eu\/index.php?rest_route=\/wp\/v2\/media\/4806"}],"wp:attachment":[{"href":"http:\/\/livre-europeen.eu\/index.php?rest_route=%2Fwp%2Fv2%2Fmedia&parent=2542"}],"wp:term":[{"taxonomy":"category","embeddable":true,"href":"http:\/\/livre-europeen.eu\/index.php?rest_route=%2Fwp%2Fv2%2Fcategories&post=2542"},{"taxonomy":"post_tag","embeddable":true,"href":"http:\/\/livre-europeen.eu\/index.php?rest_route=%2Fwp%2Fv2%2Ftags&post=2542"},{"taxonomy":"genre","embeddable":true,"href":"http:\/\/livre-europeen.eu\/index.php?rest_route=%2Fwp%2Fv2%2Fgenre&post=2542"},{"taxonomy":"annees","embeddable":true,"href":"http:\/\/livre-europeen.eu\/index.php?rest_route=%2Fwp%2Fv2%2Fannees&post=2542"}],"curies":[{"name":"wp","href":"https:\/\/api.w.org\/{rel}","templated":true}]}}