{"id":2536,"date":"2014-10-01T15:41:25","date_gmt":"2014-10-01T14:41:25","guid":{"rendered":"http:\/\/livre-europeen.eu\/new2014\/?p=2536"},"modified":"2019-03-04T22:48:37","modified_gmt":"2019-03-04T21:48:37","slug":"anni-podimata","status":"publish","type":"post","link":"http:\/\/livre-europeen.eu\/?p=2536","title":{"rendered":"Anni Podimata"},"content":{"rendered":"<div class=\"block -medium main\">\n<div class=\"inner\">\n<div class=\"tabs -js-tabs\">\n<table class=\" aligncenter\" style=\"width: 1080px; border-style: none;\">\n<tbody>\n<tr>\n<td style=\"border-style: hidden; text-align: center; vertical-align: top; width: 262px;\">\n<h3>Membre du comit\u00e9<br \/>\nde parrainage 2013<\/h3>\n<h4>pays : Gr\u00e8ce<\/h4>\n<p><strong><img loading=\"lazy\" decoding=\"async\" class=\"alignnone wp-image-2537 size-thumbnail\" src=\"http:\/\/livre-europeen.eu\/wp-content\/uploads\/2014\/10\/photo-anni-podimata-150x150.jpg\" alt=\"\" width=\"150\" height=\"150\" srcset=\"http:\/\/livre-europeen.eu\/wp-content\/uploads\/2014\/10\/photo-anni-podimata-150x150.jpg 150w, http:\/\/livre-europeen.eu\/wp-content\/uploads\/2014\/10\/photo-anni-podimata.jpg 200w\" sizes=\"(max-width: 150px) 100vw, 150px\" \/><br \/>\n<\/strong>Photo : D.R.<\/td>\n<td style=\"border-style: hidden; vertical-align: top; width: 786px;\">\n<h1>Anni Podimata<\/h1>\n<h2><em>Vice-Pr\u00e9sidente du Parlement europ\u00e9en<br \/>\nD\u00e9put\u00e9e europ\u00e9enne<\/em><\/h2>\n<\/td>\n<\/tr>\n<\/tbody>\n<\/table>\n<\/div>\n<\/div>\n<\/div>\n","protected":false},"excerpt":{"rendered":"<h4>2013, Membre du comit\u00e9 de parrainage, Gr\u00e8ce<\/h4>\n<h1><span style=\"font-weight: 200;\">Anni Podimata<\/span><\/h1>\n<h2><span style=\"font-weight: 200;\">Vice-Pr\u00e9sidente du Parlement europ\u00e9en D\u00e9put\u00e9e europ\u00e9enne<\/span><\/p>\n<h2>\n","protected":false},"author":1,"featured_media":2537,"comment_status":"closed","ping_status":"closed","sticky":false,"template":"","format":"standard","meta":{"footnotes":""},"categories":[323],"tags":[361],"genre":[],"annees":[471],"wps_subtitle":"Vice-Pr\u00e9sidente du Parlement europ\u00e9en D\u00e9put\u00e9e europ\u00e9enne","_links":{"self":[{"href":"http:\/\/livre-europeen.eu\/index.php?rest_route=\/wp\/v2\/posts\/2536"}],"collection":[{"href":"http:\/\/livre-europeen.eu\/index.php?rest_route=\/wp\/v2\/posts"}],"about":[{"href":"http:\/\/livre-europeen.eu\/index.php?rest_route=\/wp\/v2\/types\/post"}],"author":[{"embeddable":true,"href":"http:\/\/livre-europeen.eu\/index.php?rest_route=\/wp\/v2\/users\/1"}],"replies":[{"embeddable":true,"href":"http:\/\/livre-europeen.eu\/index.php?rest_route=%2Fwp%2Fv2%2Fcomments&post=2536"}],"version-history":[{"count":10,"href":"http:\/\/livre-europeen.eu\/index.php?rest_route=\/wp\/v2\/posts\/2536\/revisions"}],"predecessor-version":[{"id":10071,"href":"http:\/\/livre-europeen.eu\/index.php?rest_route=\/wp\/v2\/posts\/2536\/revisions\/10071"}],"wp:featuredmedia":[{"embeddable":true,"href":"http:\/\/livre-europeen.eu\/index.php?rest_route=\/wp\/v2\/media\/2537"}],"wp:attachment":[{"href":"http:\/\/livre-europeen.eu\/index.php?rest_route=%2Fwp%2Fv2%2Fmedia&parent=2536"}],"wp:term":[{"taxonomy":"category","embeddable":true,"href":"http:\/\/livre-europeen.eu\/index.php?rest_route=%2Fwp%2Fv2%2Fcategories&post=2536"},{"taxonomy":"post_tag","embeddable":true,"href":"http:\/\/livre-europeen.eu\/index.php?rest_route=%2Fwp%2Fv2%2Ftags&post=2536"},{"taxonomy":"genre","embeddable":true,"href":"http:\/\/livre-europeen.eu\/index.php?rest_route=%2Fwp%2Fv2%2Fgenre&post=2536"},{"taxonomy":"annees","embeddable":true,"href":"http:\/\/livre-europeen.eu\/index.php?rest_route=%2Fwp%2Fv2%2Fannees&post=2536"}],"curies":[{"name":"wp","href":"https:\/\/api.w.org\/{rel}","templated":true}]}}