{"id":12496,"date":"2025-09-10T21:09:50","date_gmt":"2025-09-10T20:09:50","guid":{"rendered":"http:\/\/livre-europeen.eu\/?p=12496"},"modified":"2025-09-10T21:12:54","modified_gmt":"2025-09-10T20:12:54","slug":"dou-nous-venons-ce-qui-nous-unit-ce-qui-nous-divise","status":"publish","type":"post","link":"http:\/\/livre-europeen.eu\/?p=12496","title":{"rendered":"D&rsquo;o\u00f9 nous venons &#8211; Ce qui nous unit, ce qui nous divise"},"content":{"rendered":"<table class=\" aligncenter\" style=\"width: 1080px; border-style: none;\">\n<tbody>\n<tr>\n<td style=\"border-style: hidden; text-align: center; vertical-align: top; width: 262px;\">\n<h3>Pr\u00e9-s\u00e9lection 2025<\/h3>\n<h4>pays : France<\/h4>\n<p><img loading=\"lazy\" decoding=\"async\" class=\"alignnone wp-image-12498 size-full\" src=\"http:\/\/livre-europeen.eu\/wp-content\/uploads\/2025\/09\/Dou-nous-venons-Ce-qui-nous-unit-ce-qui-nous-divise.jpg\" alt=\"\" width=\"300\" height=\"433\" srcset=\"http:\/\/livre-europeen.eu\/wp-content\/uploads\/2025\/09\/Dou-nous-venons-Ce-qui-nous-unit-ce-qui-nous-divise.jpg 300w, http:\/\/livre-europeen.eu\/wp-content\/uploads\/2025\/09\/Dou-nous-venons-Ce-qui-nous-unit-ce-qui-nous-divise-208x300.jpg 208w\" sizes=\"(max-width: 300px) 100vw, 300px\" \/><\/p>\n<p>&nbsp;<\/td>\n<td style=\"border-style: hidden; vertical-align: top; width: 786px;\">\n<h1>D&rsquo;o\u00f9 nous venons &#8211; Ce qui nous unit, ce qui nous divise<\/h1>\n<h2>G\u00e9raldine Schwarz<\/h2>\n<hr \/>\n<ul>\n<li><strong>Parution :<\/strong> Octobre 2024<\/li>\n<li><strong>Editeur :<\/strong> Editions Flammarion<\/li>\n<\/ul>\n<hr \/>\n<p>D&rsquo;o\u00f9 nous venons invite \u00e0 renouer avec le pass\u00e9 multimill\u00e9naire de l&rsquo;Europe, afin de comprendre comment nous sommes devenus ce que nous sommes et d&rsquo;explorer nos racines communes et nos diff\u00e9rences. Cette fresque historique, compos\u00e9e par l&rsquo;auteure du best-seller Les Amn\u00e9siques, s&rsquo;articule autour de trois grandes sources qui ont nourri les Europ\u00e9ens : le christianisme, le capitalisme et la libert\u00e9. Loin du cadre restreint de l&rsquo;histoire nationale, G\u00e9raldine Schwarz met en lumi\u00e8re des correspondances entre les pays, les \u00e9v\u00e8nements et les disciplines, faisant jaillir de nouvelles perspectives et la coh\u00e9rence d&rsquo;une histoire europ\u00e9enne. \u00c0 l&rsquo;heure d&rsquo;une perte de rep\u00e8res et de dissensions profondes sur ce qui fonde nos soci\u00e9t\u00e9s, ce r\u00e9cit passionnant et d&rsquo;une grande clart\u00e9 donne du sens \u00e0 notre pr\u00e9sent et ravive les liens qui nous unissent. L&rsquo;auteure raconte l&rsquo;Europe avec ses parts d&rsquo;ombre et de lumi\u00e8re, les ambigu\u00eft\u00e9s de cette grande aventure humaine, dans laquelle le lecteur pourra puiser autant d&rsquo;inspiration que d&rsquo;avertissements.<\/p>\n<p><strong>G\u00e9raldine Schwarz<\/strong> est une journaliste franco-allemande vivant \u00e0 Berlin. Ancienne correspondante de l&rsquo;AFP, elle collabore entre autres avec Le Monde, Arte et une \u00e9mission politique de la t\u00e9l\u00e9vision allemande Deutsche Welle. Elle enqu\u00eate depuis quelques ann\u00e9es dans les archives des services secrets allemands BND et a r\u00e9alis\u00e9 plusieurs documentaires pour France T\u00e9l\u00e9visions.<strong><br \/>\n<\/strong><\/td>\n<\/tr>\n<\/tbody>\n<\/table>\n","protected":false},"excerpt":{"rendered":"<p> &#8230; <a class=\"read-more\" href=\"http:\/\/livre-europeen.eu\/?p=12496\">en savoir plus<\/a><\/p>\n","protected":false},"author":1,"featured_media":12498,"comment_status":"closed","ping_status":"closed","sticky":false,"template":"","format":"standard","meta":{"footnotes":""},"categories":[313],"tags":[388],"genre":[457],"annees":[887],"wps_subtitle":"G\u00e9raldine Schwarz","_links":{"self":[{"href":"http:\/\/livre-europeen.eu\/index.php?rest_route=\/wp\/v2\/posts\/12496"}],"collection":[{"href":"http:\/\/livre-europeen.eu\/index.php?rest_route=\/wp\/v2\/posts"}],"about":[{"href":"http:\/\/livre-europeen.eu\/index.php?rest_route=\/wp\/v2\/types\/post"}],"author":[{"embeddable":true,"href":"http:\/\/livre-europeen.eu\/index.php?rest_route=\/wp\/v2\/users\/1"}],"replies":[{"embeddable":true,"href":"http:\/\/livre-europeen.eu\/index.php?rest_route=%2Fwp%2Fv2%2Fcomments&post=12496"}],"version-history":[{"count":3,"href":"http:\/\/livre-europeen.eu\/index.php?rest_route=\/wp\/v2\/posts\/12496\/revisions"}],"predecessor-version":[{"id":12500,"href":"http:\/\/livre-europeen.eu\/index.php?rest_route=\/wp\/v2\/posts\/12496\/revisions\/12500"}],"wp:featuredmedia":[{"embeddable":true,"href":"http:\/\/livre-europeen.eu\/index.php?rest_route=\/wp\/v2\/media\/12498"}],"wp:attachment":[{"href":"http:\/\/livre-europeen.eu\/index.php?rest_route=%2Fwp%2Fv2%2Fmedia&parent=12496"}],"wp:term":[{"taxonomy":"category","embeddable":true,"href":"http:\/\/livre-europeen.eu\/index.php?rest_route=%2Fwp%2Fv2%2Fcategories&post=12496"},{"taxonomy":"post_tag","embeddable":true,"href":"http:\/\/livre-europeen.eu\/index.php?rest_route=%2Fwp%2Fv2%2Ftags&post=12496"},{"taxonomy":"genre","embeddable":true,"href":"http:\/\/livre-europeen.eu\/index.php?rest_route=%2Fwp%2Fv2%2Fgenre&post=12496"},{"taxonomy":"annees","embeddable":true,"href":"http:\/\/livre-europeen.eu\/index.php?rest_route=%2Fwp%2Fv2%2Fannees&post=12496"}],"curies":[{"name":"wp","href":"https:\/\/api.w.org\/{rel}","templated":true}]}}