{"id":12286,"date":"2023-10-17T10:32:07","date_gmt":"2023-10-17T09:32:07","guid":{"rendered":"http:\/\/livre-europeen.eu\/?p=12286"},"modified":"2025-07-01T08:46:28","modified_gmt":"2025-07-01T07:46:28","slug":"la-fille-de-lennemi-du-peuple","status":"publish","type":"post","link":"http:\/\/livre-europeen.eu\/?p=12286","title":{"rendered":"La fille de l\u2019ennemi du peuple"},"content":{"rendered":"<div class=\"block -medium main\">\n<div class=\"inner\">\n<div class=\"tabs -js-tabs\">\n<table class=\" aligncenter\" style=\"width: 1080px; border-style: none;\">\n<tbody>\n<tr>\n<td style=\"border-style: hidden; text-align: center; vertical-align: top; width: 262px;\">\n<h3>Pr\u00e9-s\u00e9lection 2024<\/h3>\n<h4>pays : Roumanie<\/h4>\n<p><img loading=\"lazy\" decoding=\"async\" class=\"alignnone wp-image-12287 size-full\" src=\"http:\/\/livre-europeen.eu\/wp-content\/uploads\/2024\/08\/La-fille-de-lennemi-du-peuple-Lelia-Dimitriu-editions-Grasset-octobre-2023-.png\" alt=\"\" width=\"298\" height=\"433\" srcset=\"http:\/\/livre-europeen.eu\/wp-content\/uploads\/2024\/08\/La-fille-de-lennemi-du-peuple-Lelia-Dimitriu-editions-Grasset-octobre-2023-.png 298w, http:\/\/livre-europeen.eu\/wp-content\/uploads\/2024\/08\/La-fille-de-lennemi-du-peuple-Lelia-Dimitriu-editions-Grasset-octobre-2023--206x300.png 206w\" sizes=\"(max-width: 298px) 100vw, 298px\" \/><\/p>\n<p>&nbsp;<\/td>\n<td style=\"border-style: hidden; vertical-align: top; width: 786px;\">\n<h1>La fille de l\u2019ennemi du peuple<\/h1>\n<h2>\u00a0L\u00e9lia Dimitriu<\/h2>\n<hr \/>\n<ul>\n<li><strong>Parution :<\/strong> Octobre 2023<\/li>\n<li><strong>Editeur :<\/strong> \u00c9ditions Grasset<\/li>\n<\/ul>\n<hr \/>\n<p style=\"text-align: justify;\">On entrera dans cette saga familiale comme on p\u00e9n\u00e8tre dans la grande histoire, par le bruit des obus et de la guerre. Nous sommes en avril 1944 et les bombardiers am\u00e9ricains fondent sur Bucarest. La jeune L\u00e9na, assise sur les genoux de son p\u00e8re, Costa Cristu, contemple fascin\u00e9e les machines volantes qui grondent dans le ciel. Les Cristu ont fui en voiture la capitale roumaine pour se r\u00e9fugier \u00e0 la campagne, loin des combats, mais l\u2019espoir chevill\u00e9 au c\u0153ur : l\u2019Allemagne nazie perd sur tous les fronts, bient\u00f4t la Roumanie retrouvera son ind\u00e9pendance. H\u00e9las, la lib\u00e9ration ne viendra pas de l\u2019Ouest, envahi par l\u2019arm\u00e9e Rouge, le pays sera surtout libre d\u2019ob\u00e9ir \u00e0 nouveau ma\u00eetre : l\u2019URSS.<br \/>\nDans La fille de l&rsquo;ennemi du peuple, L\u00e9lia Dimitriu nous livre un t\u00e9moignage unique et passionnant : celui d&rsquo;une jeune fille qui grandit dans une Roumanie doublement meurtrie, d\u2019abord par le fascisme puis par le communisme. Lena y raconte sa jeunesse et le destin hors du commun de sa famille, les Cristu, men\u00e9e par son p\u00e8re, le tendre et solaire \u00ab Maestro \u00bb, un immigr\u00e9 mac\u00e9donien qui a fond\u00e9 une florissante fabrique de meubles ; les conditions miraculeuses qui auront pr\u00e9sid\u00e9 \u00e0 la rencontre de ses parents et \u00e0 sa naissance dans un pays o\u00f9 l\u00e9gendes, magie et religion se m\u00ealent ; la Bucarest des grandes heures avant que la ville ne sombre dans l\u2019horreur des pogroms ; puis l\u2019arriv\u00e9e des staliniens au pouvoir, les spoliations, le Maestro devenu \u00ab\u00a0ennemi du peuple\u00a0\u00bb, la collectivisation des logements et des entreprises, partout la parano\u00efa, les arrestations, les disparitions, la terreur rouge\u2026 ; L\u2019amour aussi, celui que L\u00e9na voue \u00e0 ses parents, et l\u2019autre, plus incandescent, qui la conduit dans les bras d\u2019un \u00e9crivain communiste. Mais l\u2019amour suffit-il pour respirer dans un pays asphyxi\u00e9 par la dictature ? Ses \u00e9tudes achev\u00e9es, L\u00e9na n\u2019aura qu\u2019une id\u00e9e en t\u00eate : fuir la Roumanie, rejoindre Paris, \u00eatre libre.<br \/>\nUn t\u00e9moignage qui se lit comme un roman : en se racontant, l\u2019autrice \u00e9claire un pan m\u00e9connu de l\u2019histoire du XX\u00e8me si\u00e8cle.<\/p>\n<\/td>\n<\/tr>\n<\/tbody>\n<\/table>\n<\/div>\n<\/div>\n<\/div>\n","protected":false},"excerpt":{"rendered":"<p> &#8230; <a class=\"read-more\" href=\"http:\/\/livre-europeen.eu\/?p=12286\">en savoir plus<\/a><\/p>\n","protected":false},"author":1,"featured_media":12287,"comment_status":"closed","ping_status":"closed","sticky":false,"template":"","format":"standard","meta":{"footnotes":""},"categories":[313,315],"tags":[440],"genre":[457],"annees":[881],"wps_subtitle":"L\u00e9lia Dimitriu","_links":{"self":[{"href":"http:\/\/livre-europeen.eu\/index.php?rest_route=\/wp\/v2\/posts\/12286"}],"collection":[{"href":"http:\/\/livre-europeen.eu\/index.php?rest_route=\/wp\/v2\/posts"}],"about":[{"href":"http:\/\/livre-europeen.eu\/index.php?rest_route=\/wp\/v2\/types\/post"}],"author":[{"embeddable":true,"href":"http:\/\/livre-europeen.eu\/index.php?rest_route=\/wp\/v2\/users\/1"}],"replies":[{"embeddable":true,"href":"http:\/\/livre-europeen.eu\/index.php?rest_route=%2Fwp%2Fv2%2Fcomments&post=12286"}],"version-history":[{"count":1,"href":"http:\/\/livre-europeen.eu\/index.php?rest_route=\/wp\/v2\/posts\/12286\/revisions"}],"predecessor-version":[{"id":12288,"href":"http:\/\/livre-europeen.eu\/index.php?rest_route=\/wp\/v2\/posts\/12286\/revisions\/12288"}],"wp:featuredmedia":[{"embeddable":true,"href":"http:\/\/livre-europeen.eu\/index.php?rest_route=\/wp\/v2\/media\/12287"}],"wp:attachment":[{"href":"http:\/\/livre-europeen.eu\/index.php?rest_route=%2Fwp%2Fv2%2Fmedia&parent=12286"}],"wp:term":[{"taxonomy":"category","embeddable":true,"href":"http:\/\/livre-europeen.eu\/index.php?rest_route=%2Fwp%2Fv2%2Fcategories&post=12286"},{"taxonomy":"post_tag","embeddable":true,"href":"http:\/\/livre-europeen.eu\/index.php?rest_route=%2Fwp%2Fv2%2Ftags&post=12286"},{"taxonomy":"genre","embeddable":true,"href":"http:\/\/livre-europeen.eu\/index.php?rest_route=%2Fwp%2Fv2%2Fgenre&post=12286"},{"taxonomy":"annees","embeddable":true,"href":"http:\/\/livre-europeen.eu\/index.php?rest_route=%2Fwp%2Fv2%2Fannees&post=12286"}],"curies":[{"name":"wp","href":"https:\/\/api.w.org\/{rel}","templated":true}]}}