{"id":12263,"date":"2024-03-01T10:03:58","date_gmt":"2024-03-01T09:03:58","guid":{"rendered":"http:\/\/livre-europeen.eu\/?p=12263"},"modified":"2025-07-01T08:40:44","modified_gmt":"2025-07-01T07:40:44","slug":"lavenir-se-jour-a-kyiv","status":"publish","type":"post","link":"http:\/\/livre-europeen.eu\/?p=12263","title":{"rendered":"L\u2019avenir se joue \u00e0 Kyiv"},"content":{"rendered":"<table class=\" aligncenter\" style=\"width: 118.096%; border-style: none;\">\n<tbody>\n<tr>\n<td style=\"border-style: hidden; text-align: center; vertical-align: top; width: 25.7169%;\">\n<h3>Pr\u00e9s\u00e9lection 2024<br \/>\npays : Allemagne<\/h3>\n<p>&nbsp;<\/p>\n<p><img loading=\"lazy\" decoding=\"async\" class=\"alignnone wp-image-12264 size-full\" src=\"http:\/\/livre-europeen.eu\/wp-content\/uploads\/2024\/08\/Lavenir-se-jour-a-Kyiv-Karl-Schlogel-editions-Gallimard-mars-2024-.png\" alt=\"\" width=\"273\" height=\"433\" srcset=\"http:\/\/livre-europeen.eu\/wp-content\/uploads\/2024\/08\/Lavenir-se-jour-a-Kyiv-Karl-Schlogel-editions-Gallimard-mars-2024-.png 273w, http:\/\/livre-europeen.eu\/wp-content\/uploads\/2024\/08\/Lavenir-se-jour-a-Kyiv-Karl-Schlogel-editions-Gallimard-mars-2024--189x300.png 189w\" sizes=\"(max-width: 273px) 100vw, 273px\" \/><\/p>\n<p>&nbsp;<\/td>\n<td style=\"border-style: hidden; vertical-align: top; width: 74.1906%;\">\n<h1>L\u2019avenir se joue \u00e0 Kyiv<\/h1>\n<h2>Karl Schl\u00f6gel<\/h2>\n<hr \/>\n<ul>\n<li><strong>Parution :<\/strong>M<span style=\"font-family: inherit; font-size: inherit;\">ars 2024<\/span><\/li>\n<li><strong><strong>Editeur :<\/strong><\/strong> \u00c9<span style=\"font-family: inherit; font-size: inherit;\">ditions Gallimard<\/span><\/li>\n<\/ul>\n<hr \/>\n<p>Qu\u2019est-ce qui rend l\u2019Ukraine si sp\u00e9ciale ? Ce n\u2019est qu\u2019avec l\u2019annexion de la Crim\u00e9e par la Russie que s\u2019est d\u00e9velopp\u00e9e la prise de conscience de l\u2019ind\u00e9pendance de ce pays, que ses agresseurs veulent d\u00e9sormais faire dispara\u00eetre de la carte.<\/p>\n<p>C\u2019est en parcourant les paysages urbains de l\u2019Ukraine que Karl Schl\u00f6gel, historien allemand de l\u2019Europe orientale, mesure ce qui se joue \u00e0 nos portes. Ses nombreux voyages de Lviv \u00e0 Donetsk en passant par Odesa, Kyiv ou Kharkiv nous font comprendre la profondeur de la culture li\u00e9e \u00e0 chacune de ces villes, cit\u00e9s autrefois fl orissantes. Mais c\u2019est faute de s\u2019y \u00eatre int\u00e9ress\u00e9, d\u2019apr\u00e8s l\u2019auteur, que l\u2019Occident a fi nalement encourag\u00e9 Poutine \u00e0 poursuivre sa politique expansionniste, nous laissant spectateurs du d\u00e9sastre renouvel\u00e9 de villes europ\u00e9ennes menac\u00e9es de disparition, presque quatre-vingts ans apr\u00e8s la fin de la Seconde Guerre mondiale.<br \/>\nLa guerre ne fait qu\u2019accentuer la controverse sur l\u2019ind\u00e9pendance politique et culturelle du pays. \u00c0 travers le r\u00e9cit de ses voyages r\u00e9guliers, Karl Schl\u00f6gel nous montre que, si nous voulons vraiment savoir ce qui se passe actuellement en Europe, nous devons regarder les villes d\u2019Ukraine. C\u2019est l\u00e0-bas que se joue l\u2019avenir de notre continent.<\/td>\n<\/tr>\n<\/tbody>\n<\/table>\n","protected":false},"excerpt":{"rendered":"<p> &#8230; <a class=\"read-more\" href=\"http:\/\/livre-europeen.eu\/?p=12263\">en savoir plus<\/a><\/p>\n","protected":false},"author":1,"featured_media":12264,"comment_status":"closed","ping_status":"closed","sticky":false,"template":"","format":"standard","meta":{"footnotes":""},"categories":[311,313,315],"tags":[330],"genre":[457],"annees":[881],"wps_subtitle":"Karl Schl\u00f6gel","_links":{"self":[{"href":"http:\/\/livre-europeen.eu\/index.php?rest_route=\/wp\/v2\/posts\/12263"}],"collection":[{"href":"http:\/\/livre-europeen.eu\/index.php?rest_route=\/wp\/v2\/posts"}],"about":[{"href":"http:\/\/livre-europeen.eu\/index.php?rest_route=\/wp\/v2\/types\/post"}],"author":[{"embeddable":true,"href":"http:\/\/livre-europeen.eu\/index.php?rest_route=\/wp\/v2\/users\/1"}],"replies":[{"embeddable":true,"href":"http:\/\/livre-europeen.eu\/index.php?rest_route=%2Fwp%2Fv2%2Fcomments&post=12263"}],"version-history":[{"count":2,"href":"http:\/\/livre-europeen.eu\/index.php?rest_route=\/wp\/v2\/posts\/12263\/revisions"}],"predecessor-version":[{"id":12297,"href":"http:\/\/livre-europeen.eu\/index.php?rest_route=\/wp\/v2\/posts\/12263\/revisions\/12297"}],"wp:featuredmedia":[{"embeddable":true,"href":"http:\/\/livre-europeen.eu\/index.php?rest_route=\/wp\/v2\/media\/12264"}],"wp:attachment":[{"href":"http:\/\/livre-europeen.eu\/index.php?rest_route=%2Fwp%2Fv2%2Fmedia&parent=12263"}],"wp:term":[{"taxonomy":"category","embeddable":true,"href":"http:\/\/livre-europeen.eu\/index.php?rest_route=%2Fwp%2Fv2%2Fcategories&post=12263"},{"taxonomy":"post_tag","embeddable":true,"href":"http:\/\/livre-europeen.eu\/index.php?rest_route=%2Fwp%2Fv2%2Ftags&post=12263"},{"taxonomy":"genre","embeddable":true,"href":"http:\/\/livre-europeen.eu\/index.php?rest_route=%2Fwp%2Fv2%2Fgenre&post=12263"},{"taxonomy":"annees","embeddable":true,"href":"http:\/\/livre-europeen.eu\/index.php?rest_route=%2Fwp%2Fv2%2Fannees&post=12263"}],"curies":[{"name":"wp","href":"https:\/\/api.w.org\/{rel}","templated":true}]}}