{"id":12251,"date":"2024-01-01T09:36:23","date_gmt":"2024-01-01T08:36:23","guid":{"rendered":"http:\/\/livre-europeen.eu\/?p=12251"},"modified":"2025-07-01T08:46:18","modified_gmt":"2025-07-01T07:46:18","slug":"qatargate-au-coeur-du-plus-gros-scandale-politico-financier-europeen","status":"publish","type":"post","link":"http:\/\/livre-europeen.eu\/?p=12251","title":{"rendered":"QatarGate, au c\u0153ur du plus gros scandale politico-financier europ\u00e9en"},"content":{"rendered":"<table class=\" aligncenter\" style=\"width: 1080px; border-style: none;\">\n<tbody>\n<tr>\n<td style=\"border-style: hidden; text-align: center; vertical-align: top; width: 262px;\">\n<h3>Pr\u00e9s\u00e9lection 2024<br \/>\nPays : Belgique<\/h3>\n<p><img loading=\"lazy\" decoding=\"async\" class=\"alignnone wp-image-12252 size-full\" src=\"http:\/\/livre-europeen.eu\/wp-content\/uploads\/2024\/08\/Qatargate.png\" alt=\"\" width=\"298\" height=\"433\" srcset=\"http:\/\/livre-europeen.eu\/wp-content\/uploads\/2024\/08\/Qatargate.png 298w, http:\/\/livre-europeen.eu\/wp-content\/uploads\/2024\/08\/Qatargate-206x300.png 206w\" sizes=\"(max-width: 298px) 100vw, 298px\" \/><\/p>\n<p>&nbsp;<\/td>\n<td style=\"border-style: hidden; vertical-align: top; width: 786px;\">\n<h1>QatarGate, au c\u0153ur du plus gros scandale politico-financier europ\u00e9en<\/h1>\n<h2>Joel Matriche et Louis Colart<\/h2>\n<hr \/>\n<ul>\n<li><strong>Parution : <\/strong>Janvier 2024<\/li>\n<li><strong>Editeur : <\/strong>\u00c9ditions HarperCollins<\/li>\n<\/ul>\n<hr \/>\n<p>9 d\u00e9cembre 2022. Alors que la Coupe du monde de football bat son plein, un scandale d\u2019envergure \u00e9clate au grand jour : le Parlement europ\u00e9en est-il gangren\u00e9 par la corruption ?<br \/>\nAu d\u00e9part, l\u2019enqu\u00eate se focalise sur un agent de renseignement marocain surnomm\u00e9 \u00ab Jason Bourne \u00bb mais tr\u00e8s vite, il appara\u00eet que le Qatar est lui aussi \u00e0 la man\u0153uvre. Le choc est gigantesque : un \u00c9tat du golfe Persique cherche \u00e0 influencer les d\u00e9cisions europ\u00e9ennes et d\u00e9ploie tous les moyens pour y parvenir. Des parlementaires de diff\u00e9rents bords politiques et diverses nationalit\u00e9s, \u00e0 tous les niveaux de l\u2019institution europ\u00e9enne, sont impliqu\u00e9s dans cette affaire rocambolesque : valises de billets qui circulent, arrestations surprises, voyages tous frais pay\u00e9s par des \u00c9tats tiers\u2026<\/p>\n<p>Deux journalistes, Louis Colart et Jo\u00ebl Matriche, divulguent les dessous de ce \u00ab QatarGate \u00bb dans une enqu\u00eate exclusive s\u2019appuyant sur plus de 5 000 pages du dossier d\u2019instruction, des dizaines d\u2019\u00e9coutes pour certaines jamais d\u00e9voil\u00e9es auparavant et plusieurs rapports des services secrets belges.<br \/>\nDans un r\u00e9cit palpitant \u00e9maill\u00e9 de r\u00e9v\u00e9lations in\u00e9dites, ils montrent les rouages de cette organisation clandestine en plein c\u0153ur de l\u2019Europe, ce trafic d\u2019influence majeur qui fait vaciller notre d\u00e9mocratie.<\/td>\n<\/tr>\n<\/tbody>\n<\/table>\n","protected":false},"excerpt":{"rendered":"<p> &#8230; <a class=\"read-more\" href=\"http:\/\/livre-europeen.eu\/?p=12251\">en savoir plus<\/a><\/p>\n","protected":false},"author":1,"featured_media":12252,"comment_status":"closed","ping_status":"closed","sticky":false,"template":"","format":"standard","meta":{"footnotes":""},"categories":[313],"tags":[273],"genre":[457],"annees":[881],"wps_subtitle":"Joel Matriche et Louis Colart ","_links":{"self":[{"href":"http:\/\/livre-europeen.eu\/index.php?rest_route=\/wp\/v2\/posts\/12251"}],"collection":[{"href":"http:\/\/livre-europeen.eu\/index.php?rest_route=\/wp\/v2\/posts"}],"about":[{"href":"http:\/\/livre-europeen.eu\/index.php?rest_route=\/wp\/v2\/types\/post"}],"author":[{"embeddable":true,"href":"http:\/\/livre-europeen.eu\/index.php?rest_route=\/wp\/v2\/users\/1"}],"replies":[{"embeddable":true,"href":"http:\/\/livre-europeen.eu\/index.php?rest_route=%2Fwp%2Fv2%2Fcomments&post=12251"}],"version-history":[{"count":1,"href":"http:\/\/livre-europeen.eu\/index.php?rest_route=\/wp\/v2\/posts\/12251\/revisions"}],"predecessor-version":[{"id":12253,"href":"http:\/\/livre-europeen.eu\/index.php?rest_route=\/wp\/v2\/posts\/12251\/revisions\/12253"}],"wp:featuredmedia":[{"embeddable":true,"href":"http:\/\/livre-europeen.eu\/index.php?rest_route=\/wp\/v2\/media\/12252"}],"wp:attachment":[{"href":"http:\/\/livre-europeen.eu\/index.php?rest_route=%2Fwp%2Fv2%2Fmedia&parent=12251"}],"wp:term":[{"taxonomy":"category","embeddable":true,"href":"http:\/\/livre-europeen.eu\/index.php?rest_route=%2Fwp%2Fv2%2Fcategories&post=12251"},{"taxonomy":"post_tag","embeddable":true,"href":"http:\/\/livre-europeen.eu\/index.php?rest_route=%2Fwp%2Fv2%2Ftags&post=12251"},{"taxonomy":"genre","embeddable":true,"href":"http:\/\/livre-europeen.eu\/index.php?rest_route=%2Fwp%2Fv2%2Fgenre&post=12251"},{"taxonomy":"annees","embeddable":true,"href":"http:\/\/livre-europeen.eu\/index.php?rest_route=%2Fwp%2Fv2%2Fannees&post=12251"}],"curies":[{"name":"wp","href":"https:\/\/api.w.org\/{rel}","templated":true}]}}