{"id":12071,"date":"2023-01-04T20:36:08","date_gmt":"2023-01-04T19:36:08","guid":{"rendered":"http:\/\/livre-europeen.eu\/?p=12071"},"modified":"2023-07-25T22:08:04","modified_gmt":"2023-07-25T21:08:04","slug":"monde-dhier-monde-de-demain","status":"publish","type":"post","link":"http:\/\/livre-europeen.eu\/?p=12071","title":{"rendered":"Monde\u00a0d\u2019hier,\u00a0monde\u00a0de\u00a0demain"},"content":{"rendered":"<table class=\" aligncenter\" style=\"width: 1080px; border-style: none;\">\n<tbody>\n<tr>\n<td style=\"border-style: hidden; text-align: center; vertical-align: top; width: 262px;\">\n<h3>Pr\u00e9s\u00e9lection 2023<br \/>\npays : Pays-Bas<\/h3>\n<p><img loading=\"lazy\" decoding=\"async\" class=\"alignnone size-full wp-image-12073\" src=\"http:\/\/livre-europeen.eu\/wp-content\/uploads\/2023\/07\/Monde-d\u2019hier-monde-de-demain-de-Caroline-de-Gruyter.png\" alt=\"Monde\u00a0d\u2019hier,\u00a0monde\u00a0de\u00a0demain\u00a0de\u00a0Caroline\u00a0de\u00a0Gruyter\" width=\"300\" height=\"433\" srcset=\"http:\/\/livre-europeen.eu\/wp-content\/uploads\/2023\/07\/Monde-d\u2019hier-monde-de-demain-de-Caroline-de-Gruyter.png 300w, http:\/\/livre-europeen.eu\/wp-content\/uploads\/2023\/07\/Monde-d\u2019hier-monde-de-demain-de-Caroline-de-Gruyter-208x300.png 208w\" sizes=\"(max-width: 300px) 100vw, 300px\" \/><\/p>\n<p>&nbsp;<\/td>\n<td style=\"border-style: hidden; vertical-align: top; width: 786px;\">\n<h1>Monde\u00a0d\u2019hier,\u00a0monde\u00a0de\u00a0demain<\/h1>\n<h2>Caroline\u00a0de\u00a0Gruyter<\/h2>\n<hr \/>\n<ul>\n<li><strong>Parution :<\/strong> 4 janvier 2023<\/li>\n<li><strong>Editeur :<\/strong> Actes Sud (Paru aux Pays-Bas aux \u00c9ditions De Geus)<\/li>\n<li><strong>Pages : <\/strong>368<\/li>\n<\/ul>\n<hr \/>\n<p style=\"text-align: justify;\">Caroline de Gruyter a v\u00e9cu \u00e0 Vienne. Comme tant d\u2019autres, elle y a \u00e9t\u00e9 frapp\u00e9e par la persistance dans la soci\u00e9t\u00e9, dans les esprits et dans la culture autrichienne, de l\u2019ancien empire habsbourgeois, un si\u00e8cle apr\u00e8s sa disparition. Elle s\u2019est interrog\u00e9e sur les causes de celle-ci et sur ses cons\u00e9quences \u2013 un chaos qui a saisi les pays d\u2019Europe centrale et dont les traces sont encore visibles aujourd\u2019hui. Ensemble multilingue et multinational entour\u00e9 de puissances rivales ou ennemies, l\u2019empire austro-hongrois ressemblait \u00e0 l\u2019Union europ\u00e9enne. En quoi celle-ci m\u00e9rite-t-elle l\u2019appellation d\u2019empire ? Et quels facteurs pourraient la faire \u00e9clater ?<\/p>\n<p style=\"text-align: justify;\">L\u2019auteur a d\u00e9velopp\u00e9 ces r\u00e9flexions entre le Brexit et la pand\u00e9mie, mais la crise ukrainienne actuelle leur donne une r\u00e9sonance proph\u00e9tique.<\/p>\n<\/td>\n<\/tr>\n<\/tbody>\n<\/table>\n","protected":false},"excerpt":{"rendered":"<p> &#8230; <a class=\"read-more\" href=\"http:\/\/livre-europeen.eu\/?p=12071\">en savoir plus<\/a><\/p>\n","protected":false},"author":1,"featured_media":12073,"comment_status":"closed","ping_status":"closed","sticky":false,"template":"","format":"standard","meta":{"footnotes":""},"categories":[313],"tags":[334],"genre":[457],"annees":[866],"wps_subtitle":"Caroline\u00a0de\u00a0Gruyter","_links":{"self":[{"href":"http:\/\/livre-europeen.eu\/index.php?rest_route=\/wp\/v2\/posts\/12071"}],"collection":[{"href":"http:\/\/livre-europeen.eu\/index.php?rest_route=\/wp\/v2\/posts"}],"about":[{"href":"http:\/\/livre-europeen.eu\/index.php?rest_route=\/wp\/v2\/types\/post"}],"author":[{"embeddable":true,"href":"http:\/\/livre-europeen.eu\/index.php?rest_route=\/wp\/v2\/users\/1"}],"replies":[{"embeddable":true,"href":"http:\/\/livre-europeen.eu\/index.php?rest_route=%2Fwp%2Fv2%2Fcomments&post=12071"}],"version-history":[{"count":2,"href":"http:\/\/livre-europeen.eu\/index.php?rest_route=\/wp\/v2\/posts\/12071\/revisions"}],"predecessor-version":[{"id":12095,"href":"http:\/\/livre-europeen.eu\/index.php?rest_route=\/wp\/v2\/posts\/12071\/revisions\/12095"}],"wp:featuredmedia":[{"embeddable":true,"href":"http:\/\/livre-europeen.eu\/index.php?rest_route=\/wp\/v2\/media\/12073"}],"wp:attachment":[{"href":"http:\/\/livre-europeen.eu\/index.php?rest_route=%2Fwp%2Fv2%2Fmedia&parent=12071"}],"wp:term":[{"taxonomy":"category","embeddable":true,"href":"http:\/\/livre-europeen.eu\/index.php?rest_route=%2Fwp%2Fv2%2Fcategories&post=12071"},{"taxonomy":"post_tag","embeddable":true,"href":"http:\/\/livre-europeen.eu\/index.php?rest_route=%2Fwp%2Fv2%2Ftags&post=12071"},{"taxonomy":"genre","embeddable":true,"href":"http:\/\/livre-europeen.eu\/index.php?rest_route=%2Fwp%2Fv2%2Fgenre&post=12071"},{"taxonomy":"annees","embeddable":true,"href":"http:\/\/livre-europeen.eu\/index.php?rest_route=%2Fwp%2Fv2%2Fannees&post=12071"}],"curies":[{"name":"wp","href":"https:\/\/api.w.org\/{rel}","templated":true}]}}