{"id":11995,"date":"2023-07-23T19:41:46","date_gmt":"2023-07-23T18:41:46","guid":{"rendered":"http:\/\/livre-europeen.eu\/?p=11995"},"modified":"2025-06-29T12:29:03","modified_gmt":"2025-06-29T11:29:03","slug":"michal-kurtyka","status":"publish","type":"post","link":"http:\/\/livre-europeen.eu\/?p=11995","title":{"rendered":"Michal Kurtyka"},"content":{"rendered":"<div class=\"block -medium main\">\n<div class=\"inner\">\n<div class=\"tabs -js-tabs\">\n<table class=\" aligncenter\" style=\"width: 1080px; border-style: none;\">\n<tbody>\n<tr>\n<td style=\"border-style: hidden; text-align: center; vertical-align: top; width: 262px;\">\n<h3>Membre comit\u00e9 de parrainage 2023<\/h3>\n<h4>Pays : Pologne<\/h4>\n<p>&nbsp;<\/p>\n<p><img loading=\"lazy\" decoding=\"async\" class=\"alignnone wp-image-11996 size-thumbnail\" src=\"http:\/\/livre-europeen.eu\/wp-content\/uploads\/2023\/07\/Micha\u0142-Kurtyka-photo-PLE23-150x150.png\" alt=\"\" width=\"150\" height=\"150\" srcset=\"http:\/\/livre-europeen.eu\/wp-content\/uploads\/2023\/07\/Micha\u0142-Kurtyka-photo-PLE23-150x150.png 150w, http:\/\/livre-europeen.eu\/wp-content\/uploads\/2023\/07\/Micha\u0142-Kurtyka-photo-PLE23-300x300.png 300w, http:\/\/livre-europeen.eu\/wp-content\/uploads\/2023\/07\/Micha\u0142-Kurtyka-photo-PLE23.png 305w\" sizes=\"(max-width: 150px) 100vw, 150px\" \/><\/td>\n<td style=\"border-style: hidden; vertical-align: top; width: 786px;\">\n<h1>Michal Kurtyka<\/h1>\n<h2>Pr\u00e9sident de la COP24, Ministre de l\u2019Environnement et du Climat (2019-2021)<\/h2>\n<hr \/>\n<p class=\"p1\">Micha\u0142 Tadeusz Kurtyka (n\u00e9 le 20 juillet 1973 \u00e0 Cracovie[1]) est un manager, \u00e9conomiste et fonctionnaire polonais, docteur en sciences \u00e9conomiques, de 2016 \u00e0 2018 sous-secr\u00e9taire d&rsquo;\u00c9tat au minist\u00e8re de l&rsquo;\u00c9nergie, de 2016 \u00e0 2018 sous-secr\u00e9taire d&rsquo;\u00c9tat au minist\u00e8re de l&rsquo;Environnement, puis jusqu&rsquo;en 2021 ministre du climat et de l&rsquo;environnement.<\/p>\n<\/td>\n<\/tr>\n<\/tbody>\n<\/table>\n<\/div>\n<\/div>\n<\/div>\n","protected":false},"excerpt":{"rendered":"<p> &#8230; <a class=\"read-more\" href=\"http:\/\/livre-europeen.eu\/?p=11995\">en savoir plus<\/a><\/p>\n","protected":false},"author":1,"featured_media":11996,"comment_status":"closed","ping_status":"closed","sticky":false,"template":"","format":"standard","meta":{"footnotes":""},"categories":[323],"tags":[374],"genre":[],"annees":[881,887,866],"wps_subtitle":"Pr\u00e9sident de la COP24, Ministre de l\u2019Environnement et du Climat (2019-2021)","_links":{"self":[{"href":"http:\/\/livre-europeen.eu\/index.php?rest_route=\/wp\/v2\/posts\/11995"}],"collection":[{"href":"http:\/\/livre-europeen.eu\/index.php?rest_route=\/wp\/v2\/posts"}],"about":[{"href":"http:\/\/livre-europeen.eu\/index.php?rest_route=\/wp\/v2\/types\/post"}],"author":[{"embeddable":true,"href":"http:\/\/livre-europeen.eu\/index.php?rest_route=\/wp\/v2\/users\/1"}],"replies":[{"embeddable":true,"href":"http:\/\/livre-europeen.eu\/index.php?rest_route=%2Fwp%2Fv2%2Fcomments&post=11995"}],"version-history":[{"count":1,"href":"http:\/\/livre-europeen.eu\/index.php?rest_route=\/wp\/v2\/posts\/11995\/revisions"}],"predecessor-version":[{"id":11997,"href":"http:\/\/livre-europeen.eu\/index.php?rest_route=\/wp\/v2\/posts\/11995\/revisions\/11997"}],"wp:featuredmedia":[{"embeddable":true,"href":"http:\/\/livre-europeen.eu\/index.php?rest_route=\/wp\/v2\/media\/11996"}],"wp:attachment":[{"href":"http:\/\/livre-europeen.eu\/index.php?rest_route=%2Fwp%2Fv2%2Fmedia&parent=11995"}],"wp:term":[{"taxonomy":"category","embeddable":true,"href":"http:\/\/livre-europeen.eu\/index.php?rest_route=%2Fwp%2Fv2%2Fcategories&post=11995"},{"taxonomy":"post_tag","embeddable":true,"href":"http:\/\/livre-europeen.eu\/index.php?rest_route=%2Fwp%2Fv2%2Ftags&post=11995"},{"taxonomy":"genre","embeddable":true,"href":"http:\/\/livre-europeen.eu\/index.php?rest_route=%2Fwp%2Fv2%2Fgenre&post=11995"},{"taxonomy":"annees","embeddable":true,"href":"http:\/\/livre-europeen.eu\/index.php?rest_route=%2Fwp%2Fv2%2Fannees&post=11995"}],"curies":[{"name":"wp","href":"https:\/\/api.w.org\/{rel}","templated":true}]}}