{"id":11888,"date":"2022-08-25T17:17:59","date_gmt":"2022-08-25T16:17:59","guid":{"rendered":"http:\/\/livre-europeen.eu\/?p=11888"},"modified":"2022-09-03T17:20:04","modified_gmt":"2022-09-03T16:20:04","slug":"nous-les-allemands-2","status":"publish","type":"post","link":"http:\/\/livre-europeen.eu\/?p=11888","title":{"rendered":"Nous les allemands !"},"content":{"rendered":"<h3>Alexander Starritt<\/h3>\n<h4><b>Informations g\u00e9n\u00e9rales<\/b><\/h4>\n<p>208 pages<br \/>\n<i>\u00c9ditions Belfond<br \/>\n<\/i>Ao\u00fbt 2022<\/p>\n<h4><b>R\u00e9sum\u00e9<\/b><\/h4>\n<p>Laur\u00e9at du Dayton Literary Peace Prize, un court roman stup\u00e9fiant d\u2019intensit\u00e9, un texte riche, souvent d\u00e9rangeant, sur un pass\u00e9 qui n\u2019en finit pas de r\u00e9sonner.<\/p>\n<p>Je n\u2019ai pas \u00e9t\u00e9 un nazi. Ce que je veux te raconter ne concerne ni des atrocit\u00e9s, ni un g\u00e9nocide. Je n\u2019ai pas vu les camps de la mort et je ne suis pas qualifi\u00e9 pour en dire un seul mot. J\u2019ai lu le livre de Primo Levi sur ce sujet, comme tout le monde. Sauf qu\u2019en le lisant, nous, les Allemands, nous sommes oblig\u00e9s de penser : Nous avons commis cela.<br \/>\nLongtemps, les questions pos\u00e9es par Callum \u00e0 son grand-p\u00e8re allemand sur la guerre sont rest\u00e9es sans r\u00e9ponse. Et puis, un jour, Meissner s\u2019est d\u00e9cid\u00e9 \u00e0 raconter.<br \/>\nSa vie de soldat sur le front de l\u2019Est, les d\u00e9buts triomphants, l\u2019esprit de corps, l\u2019ivresse des batailles, et puis le froid, la faim, la mis\u00e8re. Et surtout l\u2019ann\u00e9e 1944 quand lui et ses camarades ont compris que la guerre \u00e9tait perdue ; que tout ce en quoi ils avaient cru, tout ce qui les faisait tenir, l\u2019appartenance \u00e0 une nation, l\u2019espoir d\u2019une guerre rapide, les r\u00eaves de retour, tout \u00e9tait en train de s\u2019\u00e9crouler ; que dans la d\u00e9route, les hommes ne sont plus des hommes ; que le d\u00e9sespoir vous fait accomplir le pire et que rien, jamais, ne permettra d\u2019expier la faute de tout un peuple.<\/p>\n<p>&nbsp;<\/p>\n","protected":false},"excerpt":{"rendered":"<p> &#8230; <a class=\"read-more\" href=\"http:\/\/livre-europeen.eu\/?p=11888\">en savoir plus<\/a><\/p>\n","protected":false},"author":1,"featured_media":11839,"comment_status":"closed","ping_status":"closed","sticky":false,"template":"","format":"standard","meta":{"footnotes":""},"categories":[313],"tags":[330],"genre":[459],"annees":[862],"wps_subtitle":"","_links":{"self":[{"href":"http:\/\/livre-europeen.eu\/index.php?rest_route=\/wp\/v2\/posts\/11888"}],"collection":[{"href":"http:\/\/livre-europeen.eu\/index.php?rest_route=\/wp\/v2\/posts"}],"about":[{"href":"http:\/\/livre-europeen.eu\/index.php?rest_route=\/wp\/v2\/types\/post"}],"author":[{"embeddable":true,"href":"http:\/\/livre-europeen.eu\/index.php?rest_route=\/wp\/v2\/users\/1"}],"replies":[{"embeddable":true,"href":"http:\/\/livre-europeen.eu\/index.php?rest_route=%2Fwp%2Fv2%2Fcomments&post=11888"}],"version-history":[{"count":1,"href":"http:\/\/livre-europeen.eu\/index.php?rest_route=\/wp\/v2\/posts\/11888\/revisions"}],"predecessor-version":[{"id":11889,"href":"http:\/\/livre-europeen.eu\/index.php?rest_route=\/wp\/v2\/posts\/11888\/revisions\/11889"}],"wp:featuredmedia":[{"embeddable":true,"href":"http:\/\/livre-europeen.eu\/index.php?rest_route=\/wp\/v2\/media\/11839"}],"wp:attachment":[{"href":"http:\/\/livre-europeen.eu\/index.php?rest_route=%2Fwp%2Fv2%2Fmedia&parent=11888"}],"wp:term":[{"taxonomy":"category","embeddable":true,"href":"http:\/\/livre-europeen.eu\/index.php?rest_route=%2Fwp%2Fv2%2Fcategories&post=11888"},{"taxonomy":"post_tag","embeddable":true,"href":"http:\/\/livre-europeen.eu\/index.php?rest_route=%2Fwp%2Fv2%2Ftags&post=11888"},{"taxonomy":"genre","embeddable":true,"href":"http:\/\/livre-europeen.eu\/index.php?rest_route=%2Fwp%2Fv2%2Fgenre&post=11888"},{"taxonomy":"annees","embeddable":true,"href":"http:\/\/livre-europeen.eu\/index.php?rest_route=%2Fwp%2Fv2%2Fannees&post=11888"}],"curies":[{"name":"wp","href":"https:\/\/api.w.org\/{rel}","templated":true}]}}