{"id":11857,"date":"2021-02-01T16:35:42","date_gmt":"2021-02-01T15:35:42","guid":{"rendered":"http:\/\/livre-europeen.eu\/?p=11857"},"modified":"2022-09-03T17:23:28","modified_gmt":"2022-09-03T16:23:28","slug":"nous-les-allemands","status":"publish","type":"post","link":"http:\/\/livre-europeen.eu\/?p=11857","title":{"rendered":"Un roumain a\u0300 Paris"},"content":{"rendered":"<h3>Dumitru Tsepeneag<\/h3>\n<h4><b>Informations g\u00e9n\u00e9rales<\/b><\/h4>\n<p>640 pages<br \/>\n<i>Editions P.O.L<br \/>\n<\/i>F\u00e9vrier 2021<\/p>\n<h4><b>R\u00e9sum\u00e9<\/b><\/h4>\n<p>Dumitru Tsepeneag est un auteur roumain \u00e9tabli en France depuis plus de 40 ans. Dans les ann\u00e9es 1960 et 70, c\u2019est le chef de file de l\u2019onirisme, le seul courant litt\u00e9raire \u00e0 s\u2019opposer au r\u00e9alisme socialiste officiel en Roumanie. En 1975, il est d\u00e9chu de sa nationalit\u00e9 par Ceausescu et contraint \u00e0 l\u2019exil. Il publie aujourd\u2019hui pour la premi\u00e8re fois en fran\u00e7ais une partie importante de son journal, sous le titre de Un Roumain \u00e0 Paris. C\u2019est la p\u00e9riode des premiers s\u00e9jours de l\u2019\u00e9crivain \u00e0 Paris, entre 1970 et 1973 ; s\u2019y ajoutent les notes d\u2019un voyage en Am\u00e9rique (1974) et finalement les notes de 1977-1978, p\u00e9riode qui pr\u00e9lude sa d\u00e9cision de s\u2019\u00e9tablir en France. Il s\u2019agit d\u2019un t\u00e9moignage exceptionnel, \u00e0 travers les remous du champ litt\u00e9raire roumain, sur la crise qui aboutira \u00e0 l\u2019effondrement du syst\u00e8me totalitaire. L\u2019exp\u00e9rience poussait les gens venus des pays de l\u2019Est, tel Dumitru Tsepeneag, \u00e0 croire d\u00e8s les ann\u00e9es 1970 qu\u2019un nouveau type de soci\u00e9t\u00e9 ne peut se concevoir qu\u2019en d\u00e9passant le communisme par la gauche, ce qui reste d\u2019actualit\u00e9 aujourd\u2019hui pour ceux qui constatent les failles de la soci\u00e9t\u00e9 lib\u00e9rale.<\/p>\n<p>Ce \u00ab journal \u00bb raconte la confrontation avec les autorit\u00e9s roumaines. Esth\u00e9tique au d\u00e9part, elle devient vite politique. Ce qui conduit Tsepeneag \u00e0 chercher aussi des appuis en France, comme Roland Barthes (son directeur de th\u00e8se), Alain Robbe-Grillet, Eug\u00e8ne Ionesco et Emil Cioran, en passant par les \u00ab dissidents \u00bb de l\u2019Est et certains membres \u00e9minents du PCF, tous pr\u00e9occup\u00e9s \u00e0 ce moment-l\u00e0 par les perspectives de la \u00ab d\u00e9tente Est-Ouest \u00bb et de la \u00ab coexistence pacifique \u00bb des deux.<\/p>\n<p>&nbsp;<\/p>\n","protected":false},"excerpt":{"rendered":"<p> &#8230; <a class=\"read-more\" href=\"http:\/\/livre-europeen.eu\/?p=11857\">en savoir plus<\/a><\/p>\n","protected":false},"author":1,"featured_media":11841,"comment_status":"closed","ping_status":"closed","sticky":false,"template":"","format":"standard","meta":{"footnotes":""},"categories":[313],"tags":[440],"genre":[459],"annees":[862],"wps_subtitle":"","_links":{"self":[{"href":"http:\/\/livre-europeen.eu\/index.php?rest_route=\/wp\/v2\/posts\/11857"}],"collection":[{"href":"http:\/\/livre-europeen.eu\/index.php?rest_route=\/wp\/v2\/posts"}],"about":[{"href":"http:\/\/livre-europeen.eu\/index.php?rest_route=\/wp\/v2\/types\/post"}],"author":[{"embeddable":true,"href":"http:\/\/livre-europeen.eu\/index.php?rest_route=\/wp\/v2\/users\/1"}],"replies":[{"embeddable":true,"href":"http:\/\/livre-europeen.eu\/index.php?rest_route=%2Fwp%2Fv2%2Fcomments&post=11857"}],"version-history":[{"count":4,"href":"http:\/\/livre-europeen.eu\/index.php?rest_route=\/wp\/v2\/posts\/11857\/revisions"}],"predecessor-version":[{"id":11913,"href":"http:\/\/livre-europeen.eu\/index.php?rest_route=\/wp\/v2\/posts\/11857\/revisions\/11913"}],"wp:featuredmedia":[{"embeddable":true,"href":"http:\/\/livre-europeen.eu\/index.php?rest_route=\/wp\/v2\/media\/11841"}],"wp:attachment":[{"href":"http:\/\/livre-europeen.eu\/index.php?rest_route=%2Fwp%2Fv2%2Fmedia&parent=11857"}],"wp:term":[{"taxonomy":"category","embeddable":true,"href":"http:\/\/livre-europeen.eu\/index.php?rest_route=%2Fwp%2Fv2%2Fcategories&post=11857"},{"taxonomy":"post_tag","embeddable":true,"href":"http:\/\/livre-europeen.eu\/index.php?rest_route=%2Fwp%2Fv2%2Ftags&post=11857"},{"taxonomy":"genre","embeddable":true,"href":"http:\/\/livre-europeen.eu\/index.php?rest_route=%2Fwp%2Fv2%2Fgenre&post=11857"},{"taxonomy":"annees","embeddable":true,"href":"http:\/\/livre-europeen.eu\/index.php?rest_route=%2Fwp%2Fv2%2Fannees&post=11857"}],"curies":[{"name":"wp","href":"https:\/\/api.w.org\/{rel}","templated":true}]}}