{"id":11850,"date":"2021-08-19T16:26:07","date_gmt":"2021-08-19T15:26:07","guid":{"rendered":"http:\/\/livre-europeen.eu\/?p=11850"},"modified":"2022-09-03T17:22:07","modified_gmt":"2022-09-03T16:22:07","slug":"lhymne-a-la-joie","status":"publish","type":"post","link":"http:\/\/livre-europeen.eu\/?p=11850","title":{"rendered":"L\u2019hymne a\u0300 la joie"},"content":{"rendered":"<h3>Aram Kebabdjian<\/h3>\n<h4><b>Informations g\u00e9n\u00e9rales<\/b><\/h4>\n<p>252 pages<br \/>\n<i>Actes Sud<br \/>\n<\/i>Ao\u00fbt 2021<\/p>\n<h4><b>R\u00e9sum\u00e9<\/b><\/h4>\n<p>Il commanda deux caf\u00e9s et puis de quoi manger. Il fuma surtout. Une seule chose le tracassait vraiment : \u00e9tait-il encore quelqu&rsquo;un ? \u00c9tait-il encore d\u00e9terminant dans la g\u00e9opolitique du monde actuel ? Lui, Sigmund Oropa, ce chevalier insignifiant, parqu\u00e9 dans son placard de l&rsquo;Office des fraudes de l&rsquo;Union, \u00e0 r\u00e9diger des rapports non contraignants sur de suppos\u00e9s d\u00e9tournements de fonds communautaires ? Il contempla la cime des arbres. Le ciel, les oisillons qui voltigeaient. Les acacias, les orangers, tout embaumait. En un sens, la situation n&rsquo;\u00e9tait pas si d\u00e9sesp\u00e9r\u00e9e. Il sentait qu&rsquo;il avait eu raison de tenir t\u00eate \u00e0 Ang\u00e8le.<\/p>\n<p>Avec un humour d\u00e9licat, Aram Kebabdjian dresse ici le portrait d&rsquo;un fonctionnaire international, tiraill\u00e9 entre ses vieux d\u00e9mons et son id\u00e9al de justice. Un conte philosophique et une plong\u00e9e radieuse dans le cynisme de notre \u00e9poque.<\/p>\n<p>L&rsquo;Hymne \u00e0 la joie est le troisi\u00e8me roman d&rsquo;Aram Kebabdjian, d\u00e9di\u00e9 \u00e0 ses ascendants d&rsquo;Orient et d&rsquo;Occident. Il a publi\u00e9, aux \u00e9ditions du Seuil, Les D\u00e9s\u0153uvr\u00e9s (2015), une satire du milieu de l&rsquo;art contemporain, pour laquelle il a re\u00e7u le Grand Prix du premier roman de la Soci\u00e9t\u00e9 des gens de lettres, et Le Songe d&rsquo;Anton Sorrus (2017).<\/p>\n<p>&nbsp;<\/p>\n","protected":false},"excerpt":{"rendered":"<p> &#8230; <a class=\"read-more\" href=\"http:\/\/livre-europeen.eu\/?p=11850\">en savoir plus<\/a><\/p>\n","protected":false},"author":1,"featured_media":11835,"comment_status":"closed","ping_status":"closed","sticky":false,"template":"","format":"standard","meta":{"footnotes":""},"categories":[313],"tags":[388],"genre":[459],"annees":[862],"wps_subtitle":"","_links":{"self":[{"href":"http:\/\/livre-europeen.eu\/index.php?rest_route=\/wp\/v2\/posts\/11850"}],"collection":[{"href":"http:\/\/livre-europeen.eu\/index.php?rest_route=\/wp\/v2\/posts"}],"about":[{"href":"http:\/\/livre-europeen.eu\/index.php?rest_route=\/wp\/v2\/types\/post"}],"author":[{"embeddable":true,"href":"http:\/\/livre-europeen.eu\/index.php?rest_route=\/wp\/v2\/users\/1"}],"replies":[{"embeddable":true,"href":"http:\/\/livre-europeen.eu\/index.php?rest_route=%2Fwp%2Fv2%2Fcomments&post=11850"}],"version-history":[{"count":3,"href":"http:\/\/livre-europeen.eu\/index.php?rest_route=\/wp\/v2\/posts\/11850\/revisions"}],"predecessor-version":[{"id":11908,"href":"http:\/\/livre-europeen.eu\/index.php?rest_route=\/wp\/v2\/posts\/11850\/revisions\/11908"}],"wp:featuredmedia":[{"embeddable":true,"href":"http:\/\/livre-europeen.eu\/index.php?rest_route=\/wp\/v2\/media\/11835"}],"wp:attachment":[{"href":"http:\/\/livre-europeen.eu\/index.php?rest_route=%2Fwp%2Fv2%2Fmedia&parent=11850"}],"wp:term":[{"taxonomy":"category","embeddable":true,"href":"http:\/\/livre-europeen.eu\/index.php?rest_route=%2Fwp%2Fv2%2Fcategories&post=11850"},{"taxonomy":"post_tag","embeddable":true,"href":"http:\/\/livre-europeen.eu\/index.php?rest_route=%2Fwp%2Fv2%2Ftags&post=11850"},{"taxonomy":"genre","embeddable":true,"href":"http:\/\/livre-europeen.eu\/index.php?rest_route=%2Fwp%2Fv2%2Fgenre&post=11850"},{"taxonomy":"annees","embeddable":true,"href":"http:\/\/livre-europeen.eu\/index.php?rest_route=%2Fwp%2Fv2%2Fannees&post=11850"}],"curies":[{"name":"wp","href":"https:\/\/api.w.org\/{rel}","templated":true}]}}