{"id":11846,"date":"2022-05-11T16:20:59","date_gmt":"2022-05-11T15:20:59","guid":{"rendered":"http:\/\/livre-europeen.eu\/?p=11846"},"modified":"2022-09-22T13:48:48","modified_gmt":"2022-09-22T12:48:48","slug":"independance","status":"publish","type":"post","link":"http:\/\/livre-europeen.eu\/?p=11846","title":{"rendered":"Inde\u0301pendance"},"content":{"rendered":"<h3>Javier Cercas<\/h3>\n<h4><b>Informations g\u00e9n\u00e9rales<\/b><\/h4>\n<p>352 pages<br \/>\n<i>Actes Sud<br \/>\n<\/i>Mai 2022<br \/>\n<em>(Originalement publi\u00e9 en espagnol par TUQUETS en 2021)<\/em><\/p>\n<h4><b>R\u00e9sum\u00e9<\/b><\/h4>\n<p>Melchor quitte provisoirement sa Terra Alta d\u2019adoption pour venir pr\u00eater main-forte aux services de police de Barcelone dans une affaire de tentative d\u2019extorsion de fonds bas\u00e9e sur l\u2019existence pr\u00e9sum\u00e9e d\u2019une sextape. L\u2019enqu\u00eate doit \u00eatre men\u00e9e avec c\u00e9l\u00e9rit\u00e9 et discr\u00e9tion car la victime est la maire de la ville.<\/p>\n<p>L\u2019inspecteur plonge alors dans l\u2019univers de la haute bour\u00adgeoi\u00adsie catalane et de ses rejetons \u00e9lev\u00e9s au-dessus des lois. Prot\u00e9g\u00e9es par un clan qui leur assure une impunit\u00e9 de classe, ces \u00e2mes si bien n\u00e9es connaissent peu de limites et la vie des sans-grades leur est parfaitement indiff\u00e9rente. Sous un vernis de raffinement, ces privil\u00e9gi\u00e9s n\u2019ont rien \u00e0 envier aux prostitu\u00e9es et aux junkies peuplant les bas-fonds qui ont vu na\u00eetre l\u2019enqu\u00eateur. Et quand le chantage est assorti d\u2019une demande de d\u00e9mission de l\u2019\u00e9dile, il appara\u00eet \u00e9vident qu\u2019il est le fruit d\u2019une man\u0153uvre politique visant \u00e0 d\u00e9stabiliser la mairie pour favoriser quelques int\u00e9r\u00eats. L\u2019ind\u00e9fectible int\u00e9grit\u00e9 de Melchor est mise \u00e0 rude \u00e9preuve au contact des rouages du pouvoir, l\u00e0 o\u00f9 r\u00e8gnent le cynisme, l\u2019ambition d\u00e9complex\u00e9e et l\u2019arrogance des nantis.<\/p>\n<p>Ind\u00e9pendance est un roman furieux qui brosse un portrait sans fard des \u00e9lites politiques et \u00e9conomiques barcelonaises et vient \u00e9pingler un mouvement souverainiste qui, en guise d\u2019ind\u00e9pendance, entendrait surtout pr\u00e9server celle de sa caste.<\/p>\n<p>&nbsp;<\/p>\n","protected":false},"excerpt":{"rendered":"<p> &#8230; <a class=\"read-more\" href=\"http:\/\/livre-europeen.eu\/?p=11846\">en savoir plus<\/a><\/p>\n","protected":false},"author":1,"featured_media":11833,"comment_status":"closed","ping_status":"closed","sticky":false,"template":"","format":"standard","meta":{"footnotes":""},"categories":[313],"tags":[449],"genre":[459],"annees":[862],"wps_subtitle":"","_links":{"self":[{"href":"http:\/\/livre-europeen.eu\/index.php?rest_route=\/wp\/v2\/posts\/11846"}],"collection":[{"href":"http:\/\/livre-europeen.eu\/index.php?rest_route=\/wp\/v2\/posts"}],"about":[{"href":"http:\/\/livre-europeen.eu\/index.php?rest_route=\/wp\/v2\/types\/post"}],"author":[{"embeddable":true,"href":"http:\/\/livre-europeen.eu\/index.php?rest_route=\/wp\/v2\/users\/1"}],"replies":[{"embeddable":true,"href":"http:\/\/livre-europeen.eu\/index.php?rest_route=%2Fwp%2Fv2%2Fcomments&post=11846"}],"version-history":[{"count":6,"href":"http:\/\/livre-europeen.eu\/index.php?rest_route=\/wp\/v2\/posts\/11846\/revisions"}],"predecessor-version":[{"id":11921,"href":"http:\/\/livre-europeen.eu\/index.php?rest_route=\/wp\/v2\/posts\/11846\/revisions\/11921"}],"wp:featuredmedia":[{"embeddable":true,"href":"http:\/\/livre-europeen.eu\/index.php?rest_route=\/wp\/v2\/media\/11833"}],"wp:attachment":[{"href":"http:\/\/livre-europeen.eu\/index.php?rest_route=%2Fwp%2Fv2%2Fmedia&parent=11846"}],"wp:term":[{"taxonomy":"category","embeddable":true,"href":"http:\/\/livre-europeen.eu\/index.php?rest_route=%2Fwp%2Fv2%2Fcategories&post=11846"},{"taxonomy":"post_tag","embeddable":true,"href":"http:\/\/livre-europeen.eu\/index.php?rest_route=%2Fwp%2Fv2%2Ftags&post=11846"},{"taxonomy":"genre","embeddable":true,"href":"http:\/\/livre-europeen.eu\/index.php?rest_route=%2Fwp%2Fv2%2Fgenre&post=11846"},{"taxonomy":"annees","embeddable":true,"href":"http:\/\/livre-europeen.eu\/index.php?rest_route=%2Fwp%2Fv2%2Fannees&post=11846"}],"curies":[{"name":"wp","href":"https:\/\/api.w.org\/{rel}","templated":true}]}}