{"id":11704,"date":"2021-11-09T19:33:57","date_gmt":"2021-11-09T18:33:57","guid":{"rendered":"http:\/\/livre-europeen.eu\/?p=11704"},"modified":"2025-06-29T13:12:43","modified_gmt":"2025-06-29T12:12:43","slug":"stefan-de-vries","status":"publish","type":"post","link":"http:\/\/livre-europeen.eu\/?p=11704","title":{"rendered":"Stefan de Vries"},"content":{"rendered":"<div class=\"block -medium main\">\n<div class=\"inner\">\n<div class=\"tabs -js-tabs\">\n<table class=\" aligncenter\" style=\"width: 118.096%; border-style: none;\">\n<tbody>\n<tr>\n<td style=\"border-style: hidden; text-align: center; vertical-align: top; width: 25.7169%;\">\n<h3>Membre du jury<br \/>\n2024, 2023, 2022, 2020 et 2021<\/h3>\n<h4>pays : Pays-Bas<\/h4>\n<p>&nbsp;<\/p>\n<p><strong><img loading=\"lazy\" decoding=\"async\" class=\"alignnone wp-image-11714 size-full\" src=\"http:\/\/livre-europeen.eu\/wp-content\/uploads\/2021\/11\/Stefan-de-vries-1.jpg\" alt=\"Stefan de vries\" width=\"775\" height=\"775\" srcset=\"http:\/\/livre-europeen.eu\/wp-content\/uploads\/2021\/11\/Stefan-de-vries-1.jpg 775w, http:\/\/livre-europeen.eu\/wp-content\/uploads\/2021\/11\/Stefan-de-vries-1-300x300.jpg 300w, http:\/\/livre-europeen.eu\/wp-content\/uploads\/2021\/11\/Stefan-de-vries-1-150x150.jpg 150w, http:\/\/livre-europeen.eu\/wp-content\/uploads\/2021\/11\/Stefan-de-vries-1-768x768.jpg 768w\" sizes=\"(max-width: 775px) 100vw, 775px\" \/><\/strong><br \/>\nPhoto : D.R.<\/td>\n<td style=\"border-style: hidden; vertical-align: top; width: 74.1906%;\">\n<h1>Stefan de Vries<\/h1>\n<h2>Journaliste \u00e0 Euronews et correspondant pour BNR Nieuwsradio<\/h2>\n<hr \/>\n<p><strong>Stefan de Vries<\/strong> est n\u00e9 en 1970 aux Pays-Bas et a grandi en France. Journaliste, auteur et r\u00e9alisateur, il a fait des \u00e9tudes de droit \u00e0 l\u2019Universit\u00e9 d\u2019Amsterdam et d&rsquo;histoire de l&rsquo;art \u00e0 la Sorbonne Paris IV. Il a \u00e9galement suivi un cours de r\u00e9alisation de cin\u00e9ma \u00e0 la New York Film Academy.<\/p>\n<p>De Vries partage actuellement son temps entre Paris, Bruxelles et Amsterdam, o\u00f9 il travaille pour plusieurs m\u00e9dias europ\u00e9ens, dont BNR, Euronews, Les Echos et la BBC Radio.<\/p>\n<p>Stefan de Vries parle cinq langues couramment.<\/td>\n<\/tr>\n<\/tbody>\n<\/table>\n<\/div>\n<\/div>\n<\/div>\n","protected":false},"excerpt":{"rendered":"<p> &#8230; <a class=\"read-more\" href=\"http:\/\/livre-europeen.eu\/?p=11704\">en savoir plus<\/a><\/p>\n","protected":false},"author":1,"featured_media":11714,"comment_status":"closed","ping_status":"closed","sticky":false,"template":"","format":"standard","meta":{"footnotes":""},"categories":[321],"tags":[334],"genre":[],"annees":[856,862,866,881,887,576,854],"wps_subtitle":"","_links":{"self":[{"href":"http:\/\/livre-europeen.eu\/index.php?rest_route=\/wp\/v2\/posts\/11704"}],"collection":[{"href":"http:\/\/livre-europeen.eu\/index.php?rest_route=\/wp\/v2\/posts"}],"about":[{"href":"http:\/\/livre-europeen.eu\/index.php?rest_route=\/wp\/v2\/types\/post"}],"author":[{"embeddable":true,"href":"http:\/\/livre-europeen.eu\/index.php?rest_route=\/wp\/v2\/users\/1"}],"replies":[{"embeddable":true,"href":"http:\/\/livre-europeen.eu\/index.php?rest_route=%2Fwp%2Fv2%2Fcomments&post=11704"}],"version-history":[{"count":7,"href":"http:\/\/livre-europeen.eu\/index.php?rest_route=\/wp\/v2\/posts\/11704\/revisions"}],"predecessor-version":[{"id":12334,"href":"http:\/\/livre-europeen.eu\/index.php?rest_route=\/wp\/v2\/posts\/11704\/revisions\/12334"}],"wp:featuredmedia":[{"embeddable":true,"href":"http:\/\/livre-europeen.eu\/index.php?rest_route=\/wp\/v2\/media\/11714"}],"wp:attachment":[{"href":"http:\/\/livre-europeen.eu\/index.php?rest_route=%2Fwp%2Fv2%2Fmedia&parent=11704"}],"wp:term":[{"taxonomy":"category","embeddable":true,"href":"http:\/\/livre-europeen.eu\/index.php?rest_route=%2Fwp%2Fv2%2Fcategories&post=11704"},{"taxonomy":"post_tag","embeddable":true,"href":"http:\/\/livre-europeen.eu\/index.php?rest_route=%2Fwp%2Fv2%2Ftags&post=11704"},{"taxonomy":"genre","embeddable":true,"href":"http:\/\/livre-europeen.eu\/index.php?rest_route=%2Fwp%2Fv2%2Fgenre&post=11704"},{"taxonomy":"annees","embeddable":true,"href":"http:\/\/livre-europeen.eu\/index.php?rest_route=%2Fwp%2Fv2%2Fannees&post=11704"}],"curies":[{"name":"wp","href":"https:\/\/api.w.org\/{rel}","templated":true}]}}