{"id":11695,"date":"2021-11-09T19:26:18","date_gmt":"2021-11-09T18:26:18","guid":{"rendered":"http:\/\/livre-europeen.eu\/?p=11695"},"modified":"2021-11-09T19:26:18","modified_gmt":"2021-11-09T18:26:18","slug":"daniel-desesquelles","status":"publish","type":"post","link":"http:\/\/livre-europeen.eu\/?p=11695","title":{"rendered":"Daniel Desesquelles"},"content":{"rendered":"<table class=\" aligncenter\" style=\"width: 1080px; border-style: none;\">\n<tbody>\n<tr>\n<td style=\"border-style: hidden; text-align: center; vertical-align: top; width: 262px;\">\n<h3>Membre du jury 2021<\/h3>\n<h4>pays : France<\/h4>\n<p>&nbsp;<\/p>\n<p><img loading=\"lazy\" decoding=\"async\" class=\"alignnone wp-image-11696 size-full\" src=\"http:\/\/livre-europeen.eu\/wp-content\/uploads\/2021\/11\/Daniel-Desesquelle.jpg\" alt=\"Daniel Desesquelle\" width=\"200\" height=\"200\" srcset=\"http:\/\/livre-europeen.eu\/wp-content\/uploads\/2021\/11\/Daniel-Desesquelle.jpg 200w, http:\/\/livre-europeen.eu\/wp-content\/uploads\/2021\/11\/Daniel-Desesquelle-150x150.jpg 150w\" sizes=\"(max-width: 200px) 100vw, 200px\" \/><\/td>\n<td style=\"border-style: hidden; vertical-align: top; width: 786px;\">\n<h1>Daniel Desesquelles<\/h1>\n<h2>Journaliste, producteur de Carrefour de l&rsquo;Europe chez Radio France Internationale<\/h2>\n<hr \/>\n<p>Daniel Desesquelle est journaliste et producteur \u00e0 RFI (Radio France internationale). Grand reporter, il a longtemps suivi les questions de d\u00e9fense, couvert plusieurs conflits en Afrique, dans le Golfe et en Yougoslavie, suivi la dislocation du bloc sovi\u00e9tique\u2026 Sp\u00e9cialiste de l\u2019Europe, il anime Carrefour de l\u2019Europe depuis 2007, une \u00e9mission hebdomadaire sur RFI, qu\u2019il enregistrera en public dans le hall de La Cri\u00e9e pendant les Rencontres d\u2019Averro\u00e8s.<\/td>\n<\/tr>\n<\/tbody>\n<\/table>\n","protected":false},"excerpt":{"rendered":"<p> &#8230; <a class=\"read-more\" href=\"http:\/\/livre-europeen.eu\/?p=11695\">en savoir plus<\/a><\/p>\n","protected":false},"author":1,"featured_media":11697,"comment_status":"closed","ping_status":"closed","sticky":false,"template":"","format":"standard","meta":{"footnotes":""},"categories":[321],"tags":[388],"genre":[],"annees":[576,860],"wps_subtitle":"Journaliste, producteur de Carrefour de l'Europe chez Radio France Internationale","_links":{"self":[{"href":"http:\/\/livre-europeen.eu\/index.php?rest_route=\/wp\/v2\/posts\/11695"}],"collection":[{"href":"http:\/\/livre-europeen.eu\/index.php?rest_route=\/wp\/v2\/posts"}],"about":[{"href":"http:\/\/livre-europeen.eu\/index.php?rest_route=\/wp\/v2\/types\/post"}],"author":[{"embeddable":true,"href":"http:\/\/livre-europeen.eu\/index.php?rest_route=\/wp\/v2\/users\/1"}],"replies":[{"embeddable":true,"href":"http:\/\/livre-europeen.eu\/index.php?rest_route=%2Fwp%2Fv2%2Fcomments&post=11695"}],"version-history":[{"count":1,"href":"http:\/\/livre-europeen.eu\/index.php?rest_route=\/wp\/v2\/posts\/11695\/revisions"}],"predecessor-version":[{"id":11698,"href":"http:\/\/livre-europeen.eu\/index.php?rest_route=\/wp\/v2\/posts\/11695\/revisions\/11698"}],"wp:featuredmedia":[{"embeddable":true,"href":"http:\/\/livre-europeen.eu\/index.php?rest_route=\/wp\/v2\/media\/11697"}],"wp:attachment":[{"href":"http:\/\/livre-europeen.eu\/index.php?rest_route=%2Fwp%2Fv2%2Fmedia&parent=11695"}],"wp:term":[{"taxonomy":"category","embeddable":true,"href":"http:\/\/livre-europeen.eu\/index.php?rest_route=%2Fwp%2Fv2%2Fcategories&post=11695"},{"taxonomy":"post_tag","embeddable":true,"href":"http:\/\/livre-europeen.eu\/index.php?rest_route=%2Fwp%2Fv2%2Ftags&post=11695"},{"taxonomy":"genre","embeddable":true,"href":"http:\/\/livre-europeen.eu\/index.php?rest_route=%2Fwp%2Fv2%2Fgenre&post=11695"},{"taxonomy":"annees","embeddable":true,"href":"http:\/\/livre-europeen.eu\/index.php?rest_route=%2Fwp%2Fv2%2Fannees&post=11695"}],"curies":[{"name":"wp","href":"https:\/\/api.w.org\/{rel}","templated":true}]}}