{"id":11662,"date":"2021-04-14T13:10:51","date_gmt":"2021-04-14T12:10:51","guid":{"rendered":"http:\/\/livre-europeen.eu\/?p=11662"},"modified":"2021-07-21T13:43:34","modified_gmt":"2021-07-21T12:43:34","slug":"lenfance-de-kaspar-hauser","status":"publish","type":"post","link":"http:\/\/livre-europeen.eu\/?p=11662","title":{"rendered":"L\u2018enfance de Kaspar Hauser"},"content":{"rendered":"<table class=\" aligncenter\" style=\"width: 1080px; border-style: none;\">\n<tbody>\n<tr>\n<td style=\"border-style: hidden; text-align: center; vertical-align: top; width: 262px;\">\n<h3>Pr\u00e9s\u00e9lection 2021<\/h3>\n<h4>pays : Roumanie<\/h4>\n<p><img loading=\"lazy\" decoding=\"async\" class=\"alignnone size-full wp-image-11663\" src=\"http:\/\/livre-europeen.eu\/wp-content\/uploads\/2021\/07\/LEnfance-de-Kaspar-Hauser.png\" alt=\"L'Enfance de Kaspar Hauser\" width=\"390\" height=\"590\" srcset=\"http:\/\/livre-europeen.eu\/wp-content\/uploads\/2021\/07\/LEnfance-de-Kaspar-Hauser.png 390w, http:\/\/livre-europeen.eu\/wp-content\/uploads\/2021\/07\/LEnfance-de-Kaspar-Hauser-198x300.png 198w\" sizes=\"(max-width: 390px) 100vw, 390px\" \/><\/td>\n<td style=\"border-style: hidden; vertical-align: top; width: 786px;\">\n<h1>L\u2018enfance de Kaspar Hauser<\/h1>\n<h2>Bogdan-Alexandru Stanescu<\/h2>\n<hr \/>\n<ul>\n<li><strong>Parution :<\/strong> 14 avril 2021<\/li>\n<li><strong>Editeur : <\/strong>\u00c9ditions Ph\u00e9bus<\/li>\n<li><strong>Pages :<\/strong> 239<\/li>\n<\/ul>\n<hr \/>\n<p style=\"text-align: justify;\"><span class=\"su-dropcap su-dropcap-style-flat\" style=\"font-size:1.5em\">\u00ab<\/span> Bobitza dresse un bilan mitig\u00e9 de sa vie. D\u00e9sabus\u00e9 par son m\u00e9tier d&rsquo;agent litt\u00e9raire, divorc\u00e9 et condamn\u00e9 \u00e0 des relations toxiques, il tente de se sevrer de l&rsquo;alcool. Souvent il se rem\u00e9more son enfance dans le Bucarest des ann\u00e9es quatre-vingt, les plus dures du r\u00e8gne de Ceausescu, et sa jeunesse apr\u00e8s la r\u00e9volution de 1989. Le v\u00e9ritable \u00ab itin\u00e9raire d&rsquo;une mauvaise graine \u00bb, \u00e0 l&rsquo;image de l&rsquo;orphelin c\u00e9l\u00e8bre du XIXe si\u00e8cle, Gaspard Hauser, figure de proue de toute une g\u00e9n\u00e9ration sacrifi\u00e9e, mais dot\u00e9e d&rsquo;une incroyable force de vie. Souvent dr\u00f4le, impertinent et toujours intelligent, ce roman a connu un vif succ\u00e8s dans son pays d&rsquo;origine, la Roumanie, o\u00f9 il a \u00e9t\u00e9 couronn\u00e9 de plusieurs prix prestigieux.<\/p>\n<\/td>\n<\/tr>\n<\/tbody>\n<\/table>\n","protected":false},"excerpt":{"rendered":"<p> &#8230; <a class=\"read-more\" href=\"http:\/\/livre-europeen.eu\/?p=11662\">en savoir plus<\/a><\/p>\n","protected":false},"author":1,"featured_media":11685,"comment_status":"closed","ping_status":"closed","sticky":false,"template":"","format":"standard","meta":{"footnotes":""},"categories":[313],"tags":[440],"genre":[],"annees":[856],"wps_subtitle":"Bogdan-Alexandru Stanescu","_links":{"self":[{"href":"http:\/\/livre-europeen.eu\/index.php?rest_route=\/wp\/v2\/posts\/11662"}],"collection":[{"href":"http:\/\/livre-europeen.eu\/index.php?rest_route=\/wp\/v2\/posts"}],"about":[{"href":"http:\/\/livre-europeen.eu\/index.php?rest_route=\/wp\/v2\/types\/post"}],"author":[{"embeddable":true,"href":"http:\/\/livre-europeen.eu\/index.php?rest_route=\/wp\/v2\/users\/1"}],"replies":[{"embeddable":true,"href":"http:\/\/livre-europeen.eu\/index.php?rest_route=%2Fwp%2Fv2%2Fcomments&post=11662"}],"version-history":[{"count":1,"href":"http:\/\/livre-europeen.eu\/index.php?rest_route=\/wp\/v2\/posts\/11662\/revisions"}],"predecessor-version":[{"id":11664,"href":"http:\/\/livre-europeen.eu\/index.php?rest_route=\/wp\/v2\/posts\/11662\/revisions\/11664"}],"wp:featuredmedia":[{"embeddable":true,"href":"http:\/\/livre-europeen.eu\/index.php?rest_route=\/wp\/v2\/media\/11685"}],"wp:attachment":[{"href":"http:\/\/livre-europeen.eu\/index.php?rest_route=%2Fwp%2Fv2%2Fmedia&parent=11662"}],"wp:term":[{"taxonomy":"category","embeddable":true,"href":"http:\/\/livre-europeen.eu\/index.php?rest_route=%2Fwp%2Fv2%2Fcategories&post=11662"},{"taxonomy":"post_tag","embeddable":true,"href":"http:\/\/livre-europeen.eu\/index.php?rest_route=%2Fwp%2Fv2%2Ftags&post=11662"},{"taxonomy":"genre","embeddable":true,"href":"http:\/\/livre-europeen.eu\/index.php?rest_route=%2Fwp%2Fv2%2Fgenre&post=11662"},{"taxonomy":"annees","embeddable":true,"href":"http:\/\/livre-europeen.eu\/index.php?rest_route=%2Fwp%2Fv2%2Fannees&post=11662"}],"curies":[{"name":"wp","href":"https:\/\/api.w.org\/{rel}","templated":true}]}}