{"id":11659,"date":"2021-04-01T13:08:55","date_gmt":"2021-04-01T12:08:55","guid":{"rendered":"http:\/\/livre-europeen.eu\/?p=11659"},"modified":"2021-07-21T13:43:58","modified_gmt":"2021-07-21T12:43:58","slug":"les-fenetres","status":"publish","type":"post","link":"http:\/\/livre-europeen.eu\/?p=11659","title":{"rendered":"Les Fen\u00eatres"},"content":{"rendered":"<table class=\" aligncenter\" style=\"width: 1080px; border-style: none;\">\n<tbody>\n<tr>\n<td style=\"border-style: hidden; text-align: center; vertical-align: top; width: 262px;\">\n<h3>Pr\u00e9s\u00e9lection 2021<\/h3>\n<h4>pays : Pologne<\/h4>\n<p><img loading=\"lazy\" decoding=\"async\" class=\"alignnone size-full wp-image-11660\" src=\"http:\/\/livre-europeen.eu\/wp-content\/uploads\/2021\/07\/Les-Fenetres.png\" alt=\"Les Fenetres\" width=\"353\" height=\"581\" srcset=\"http:\/\/livre-europeen.eu\/wp-content\/uploads\/2021\/07\/Les-Fenetres.png 353w, http:\/\/livre-europeen.eu\/wp-content\/uploads\/2021\/07\/Les-Fenetres-182x300.png 182w\" sizes=\"(max-width: 353px) 100vw, 353px\" \/><\/td>\n<td style=\"border-style: hidden; vertical-align: top; width: 786px;\">\n<h1>Les Fen\u00eatres<\/h1>\n<h2>Hanna Krall<\/h2>\n<hr \/>\n<ul>\n<li><strong>Parution :<\/strong> 1er avril 2021<\/li>\n<li><strong>Editeur :<\/strong>\u00c9ditions Noir sur Blanc<\/li>\n<li><strong>Pages :<\/strong> 160<\/li>\n<\/ul>\n<hr \/>\n<p style=\"text-align: justify;\"><span class=\"su-dropcap su-dropcap-style-flat\" style=\"font-size:1.5em\">\u00ab<\/span> L&rsquo;action du livre se situe en 1984, imm\u00e9diatement apr\u00e8s la lev\u00e9e de l&rsquo;\u00e9tat de si\u00e8ge en Pologne. Celina, l&rsquo;h\u00e9ro\u00efne du roman, est une femme dans la quarantaine, dont la vie se trouve bouscul\u00e9e par les \u00e9v\u00e9nements politiques tragiques des ann\u00e9es \u00ab Solidarit\u00e9 \u00bb.<br \/>\nEn tant que reporter photographe, elle assiste au proc\u00e8s des assassins de l&rsquo;\u00e9tudiant Grzegorz Przemyk (un meurtre commis par la milice qui a boulevers\u00e9 la Pologne), et cache chez elle des militants clandestins. Elle devient ainsi le t\u00e9moin direct des \u00e9v\u00e9nements dont parlent les m\u00e9dias du monde entier.<br \/>\nMais le pass\u00e9 se profile aussi en toile de fond. Pendant la guerre, la m\u00e8re de Celina a cach\u00e9 chez elle une jeune femme juive et sa fille, Paula. Devenue adulte, cette derni\u00e8re d\u00e9cide de partir en Afrique du Sud. Celina \u00e9pousera alors l&rsquo;ancien fianc\u00e9 de son amie Paula.<br \/>\nC&rsquo;est dans cette Pologne des ann\u00e9es quatre-vingt que l&rsquo;auteure dresse un beau portrait de femme, solidement ancr\u00e9 dans la r\u00e9alit\u00e9.<\/p>\n<\/td>\n<\/tr>\n<\/tbody>\n<\/table>\n","protected":false},"excerpt":{"rendered":"<p> &#8230; <a class=\"read-more\" href=\"http:\/\/livre-europeen.eu\/?p=11659\">en savoir plus<\/a><\/p>\n","protected":false},"author":1,"featured_media":11684,"comment_status":"closed","ping_status":"closed","sticky":false,"template":"","format":"standard","meta":{"footnotes":""},"categories":[313],"tags":[374],"genre":[],"annees":[856],"wps_subtitle":"Hanna Krall","_links":{"self":[{"href":"http:\/\/livre-europeen.eu\/index.php?rest_route=\/wp\/v2\/posts\/11659"}],"collection":[{"href":"http:\/\/livre-europeen.eu\/index.php?rest_route=\/wp\/v2\/posts"}],"about":[{"href":"http:\/\/livre-europeen.eu\/index.php?rest_route=\/wp\/v2\/types\/post"}],"author":[{"embeddable":true,"href":"http:\/\/livre-europeen.eu\/index.php?rest_route=\/wp\/v2\/users\/1"}],"replies":[{"embeddable":true,"href":"http:\/\/livre-europeen.eu\/index.php?rest_route=%2Fwp%2Fv2%2Fcomments&post=11659"}],"version-history":[{"count":1,"href":"http:\/\/livre-europeen.eu\/index.php?rest_route=\/wp\/v2\/posts\/11659\/revisions"}],"predecessor-version":[{"id":11661,"href":"http:\/\/livre-europeen.eu\/index.php?rest_route=\/wp\/v2\/posts\/11659\/revisions\/11661"}],"wp:featuredmedia":[{"embeddable":true,"href":"http:\/\/livre-europeen.eu\/index.php?rest_route=\/wp\/v2\/media\/11684"}],"wp:attachment":[{"href":"http:\/\/livre-europeen.eu\/index.php?rest_route=%2Fwp%2Fv2%2Fmedia&parent=11659"}],"wp:term":[{"taxonomy":"category","embeddable":true,"href":"http:\/\/livre-europeen.eu\/index.php?rest_route=%2Fwp%2Fv2%2Fcategories&post=11659"},{"taxonomy":"post_tag","embeddable":true,"href":"http:\/\/livre-europeen.eu\/index.php?rest_route=%2Fwp%2Fv2%2Ftags&post=11659"},{"taxonomy":"genre","embeddable":true,"href":"http:\/\/livre-europeen.eu\/index.php?rest_route=%2Fwp%2Fv2%2Fgenre&post=11659"},{"taxonomy":"annees","embeddable":true,"href":"http:\/\/livre-europeen.eu\/index.php?rest_route=%2Fwp%2Fv2%2Fannees&post=11659"}],"curies":[{"name":"wp","href":"https:\/\/api.w.org\/{rel}","templated":true}]}}