{"id":11647,"date":"2020-11-04T12:58:49","date_gmt":"2020-11-04T11:58:49","guid":{"rendered":"http:\/\/livre-europeen.eu\/?p=11647"},"modified":"2021-07-21T13:45:53","modified_gmt":"2021-07-21T12:45:53","slug":"le-plongeur","status":"publish","type":"post","link":"http:\/\/livre-europeen.eu\/?p=11647","title":{"rendered":"Le plongeur"},"content":{"rendered":"<table class=\" aligncenter\" style=\"width: 1080px; border-style: none;\">\n<tbody>\n<tr>\n<td style=\"border-style: hidden; text-align: center; vertical-align: top; width: 262px;\">\n<h3>Pr\u00e9s\u00e9lection 2021<\/h3>\n<h4>pays : Gr\u00e8ce<\/h4>\n<p><img loading=\"lazy\" decoding=\"async\" class=\"alignnone size-full wp-image-11648\" src=\"http:\/\/livre-europeen.eu\/wp-content\/uploads\/2021\/07\/Le-Plongeur.png\" alt=\"Le Plongeur\" width=\"363\" height=\"580\" srcset=\"http:\/\/livre-europeen.eu\/wp-content\/uploads\/2021\/07\/Le-Plongeur.png 363w, http:\/\/livre-europeen.eu\/wp-content\/uploads\/2021\/07\/Le-Plongeur-188x300.png 188w\" sizes=\"(max-width: 363px) 100vw, 363px\" \/><\/td>\n<td style=\"border-style: hidden; vertical-align: top; width: 786px;\">\n<h1>Le plongeur<\/h1>\n<h2>Minos Efstathiadis<\/h2>\n<hr \/>\n<ul>\n<li><strong>Parution :<\/strong> 4 novembre 2020<\/li>\n<li><strong>Editeur : <\/strong>\u00c9ditions Actes Sud<\/li>\n<li><strong>Pages :<\/strong> 179<\/li>\n<\/ul>\n<hr \/>\n<p style=\"text-align: justify;\"><span class=\"su-dropcap su-dropcap-style-flat\" style=\"font-size:1.5em\">\u00ab<\/span> Chris Papas, d\u00e9tective priv\u00e9 \u00e0 Hambourg, de p\u00e8re grec et de m\u00e8re allemande, est charg\u00e9 d\u2019une enqu\u00eate qui va le ramener au village de son enfance, dans le golfe de Corinthe. Ce polar met en sc\u00e8ne deux pays europ\u00e9ens amis\/ennemis et rouvre des plaies suppurant depuis la Seconde Guerre mondiale.<\/p>\n<\/td>\n<\/tr>\n<\/tbody>\n<\/table>\n","protected":false},"excerpt":{"rendered":"<p> &#8230; <a class=\"read-more\" href=\"http:\/\/livre-europeen.eu\/?p=11647\">en savoir plus<\/a><\/p>\n","protected":false},"author":1,"featured_media":11679,"comment_status":"closed","ping_status":"closed","sticky":false,"template":"","format":"standard","meta":{"footnotes":""},"categories":[313],"tags":[361],"genre":[],"annees":[856],"wps_subtitle":"Minos Efstathiadis","_links":{"self":[{"href":"http:\/\/livre-europeen.eu\/index.php?rest_route=\/wp\/v2\/posts\/11647"}],"collection":[{"href":"http:\/\/livre-europeen.eu\/index.php?rest_route=\/wp\/v2\/posts"}],"about":[{"href":"http:\/\/livre-europeen.eu\/index.php?rest_route=\/wp\/v2\/types\/post"}],"author":[{"embeddable":true,"href":"http:\/\/livre-europeen.eu\/index.php?rest_route=\/wp\/v2\/users\/1"}],"replies":[{"embeddable":true,"href":"http:\/\/livre-europeen.eu\/index.php?rest_route=%2Fwp%2Fv2%2Fcomments&post=11647"}],"version-history":[{"count":1,"href":"http:\/\/livre-europeen.eu\/index.php?rest_route=\/wp\/v2\/posts\/11647\/revisions"}],"predecessor-version":[{"id":11649,"href":"http:\/\/livre-europeen.eu\/index.php?rest_route=\/wp\/v2\/posts\/11647\/revisions\/11649"}],"wp:featuredmedia":[{"embeddable":true,"href":"http:\/\/livre-europeen.eu\/index.php?rest_route=\/wp\/v2\/media\/11679"}],"wp:attachment":[{"href":"http:\/\/livre-europeen.eu\/index.php?rest_route=%2Fwp%2Fv2%2Fmedia&parent=11647"}],"wp:term":[{"taxonomy":"category","embeddable":true,"href":"http:\/\/livre-europeen.eu\/index.php?rest_route=%2Fwp%2Fv2%2Fcategories&post=11647"},{"taxonomy":"post_tag","embeddable":true,"href":"http:\/\/livre-europeen.eu\/index.php?rest_route=%2Fwp%2Fv2%2Ftags&post=11647"},{"taxonomy":"genre","embeddable":true,"href":"http:\/\/livre-europeen.eu\/index.php?rest_route=%2Fwp%2Fv2%2Fgenre&post=11647"},{"taxonomy":"annees","embeddable":true,"href":"http:\/\/livre-europeen.eu\/index.php?rest_route=%2Fwp%2Fv2%2Fannees&post=11647"}],"curies":[{"name":"wp","href":"https:\/\/api.w.org\/{rel}","templated":true}]}}