{"id":11640,"date":"2021-03-03T12:01:23","date_gmt":"2021-03-03T11:01:23","guid":{"rendered":"http:\/\/livre-europeen.eu\/?p=11640"},"modified":"2021-07-21T13:47:22","modified_gmt":"2021-07-21T12:47:22","slug":"la-valse-europeenne-les-trois-temps-de-la-crise","status":"publish","type":"post","link":"http:\/\/livre-europeen.eu\/?p=11640","title":{"rendered":"La valse europ\u00e9enne &#8211; Les trois temps de la crise"},"content":{"rendered":"<table class=\" aligncenter\" style=\"width: 1080px; border-style: none;\">\n<tbody>\n<tr>\n<td style=\"border-style: hidden; text-align: center; vertical-align: top; width: 262px;\">\n<h3>Pr\u00e9s\u00e9lection 2021<\/h3>\n<h4>pays : France<\/h4>\n<p><img loading=\"lazy\" decoding=\"async\" class=\"alignnone size-full wp-image-11641\" src=\"http:\/\/livre-europeen.eu\/wp-content\/uploads\/2021\/07\/La-Valse-europe\u0301enne.png\" alt=\"La Valse europe\u0301enne\" width=\"362\" height=\"558\" srcset=\"http:\/\/livre-europeen.eu\/wp-content\/uploads\/2021\/07\/La-Valse-europe\u0301enne.png 362w, http:\/\/livre-europeen.eu\/wp-content\/uploads\/2021\/07\/La-Valse-europe\u0301enne-195x300.png 195w\" sizes=\"(max-width: 362px) 100vw, 362px\" \/><\/td>\n<td style=\"border-style: hidden; vertical-align: top; width: 786px;\">\n<h1>La valse europ\u00e9enne &#8211; Les trois temps de la crise<\/h1>\n<h2>Elie Cohen et Richard Robert<\/h2>\n<hr \/>\n<ul>\n<li><strong>Parution :<\/strong> 03 mars 2021<\/li>\n<li><strong>Editeur : <\/strong>\u00c9ditions Fayard<\/li>\n<li><strong>Pages :<\/strong> 480<\/li>\n<\/ul>\n<hr \/>\n<p style=\"text-align: justify;\"><span class=\"su-dropcap su-dropcap-style-flat\" style=\"font-size:1.5em\">\u00ab<\/span> De l&rsquo;Europe improbable \u00e0 l&rsquo;Europe r\u00e9v\u00e9l\u00e9e par les crises : un art de d\u00e9cider \u00e0 contretemps, horripilant parfois, mais dont la puissance r\u00e9formatrice appara\u00eet a posteriori. Un hommage \u00e0 la r\u00e9silience de la construction europ\u00e9enne.<br \/>\nCrise de l\u2019euro, crise migratoire, Brexit, et maintenant Covid-19\u2026 Depuis une d\u00e9cennie, l\u2019Europe est en crise permanente et suscite des r\u00e9actions contradictoires : rejet des interventions touchant \u00e0 la souverainet\u00e9 nationale, mais demande urgente de solidarit\u00e9 sans condition.<\/p>\n<p>La r\u00e9ponse de l\u2019Europe se joue en trois temps. Elle d\u00e9\u00e7oit d\u2019abord : son intervention est tardive et inadapt\u00e9e. Mais apr\u00e8s ce temps de retard, la machine communautaire se r\u00e9veille et l\u2019action prend de la consistance. Enfin, l\u2019Union franchit les lignes jaunes et, comme surprise par son audace, se prend \u00e0 s\u2019imaginer en puissance \u00e0 l\u2019\u00e9gal de la Chine ou des \u00c9tats-Unis.<\/p>\n<p>Cette valse \u00e0 trois temps est au c\u0153ur de ce livre, avec sa dramaturgie et ses personnages-types. Elle laisse aussi percevoir les craquements du monde ancien qui avait sacralis\u00e9 la r\u00e8gle.<\/p>\n<p>Ni L\u00e9viathan supranational, ni syndic des nations, le projet europ\u00e9en se r\u00e9v\u00e8le dans l\u2019\u00e9preuve lorsque l\u2019Europe passe au politique, c\u2019est-\u00e0-dire \u00e0 la d\u00e9cision. C\u2019est cette souverainet\u00e9 partag\u00e9e qui lui permettra d\u2019apporter une r\u00e9ponse politique \u00e0 un monde discordant, habit\u00e9 de nouveaux rapports de force.<\/p>\n<p>\u00c9lie Cohen est directeur de recherche \u00e9m\u00e9rite au CNRS. Auteur de plusieurs ouvrages sur la mondialisation, il est consid\u00e9r\u00e9 aujourd\u2019hui comme l\u2019un des meilleurs \u00e9conomistes fran\u00e7ais.<\/p>\n<p>Richard Robert est l\u2019\u00e9diteur du think tank Telos et enseigne \u00e0 l\u2019Institut d\u2019\u00e9tudes politiques de Paris.<\/td>\n<\/tr>\n<\/tbody>\n<\/table>\n","protected":false},"excerpt":{"rendered":"<p> &#8230; <a class=\"read-more\" href=\"http:\/\/livre-europeen.eu\/?p=11640\">en savoir plus<\/a><\/p>\n","protected":false},"author":1,"featured_media":11677,"comment_status":"closed","ping_status":"closed","sticky":false,"template":"","format":"standard","meta":{"footnotes":""},"categories":[313],"tags":[388],"genre":[],"annees":[856],"wps_subtitle":"Elie Cohen et Richard Robert ","_links":{"self":[{"href":"http:\/\/livre-europeen.eu\/index.php?rest_route=\/wp\/v2\/posts\/11640"}],"collection":[{"href":"http:\/\/livre-europeen.eu\/index.php?rest_route=\/wp\/v2\/posts"}],"about":[{"href":"http:\/\/livre-europeen.eu\/index.php?rest_route=\/wp\/v2\/types\/post"}],"author":[{"embeddable":true,"href":"http:\/\/livre-europeen.eu\/index.php?rest_route=\/wp\/v2\/users\/1"}],"replies":[{"embeddable":true,"href":"http:\/\/livre-europeen.eu\/index.php?rest_route=%2Fwp%2Fv2%2Fcomments&post=11640"}],"version-history":[{"count":1,"href":"http:\/\/livre-europeen.eu\/index.php?rest_route=\/wp\/v2\/posts\/11640\/revisions"}],"predecessor-version":[{"id":11642,"href":"http:\/\/livre-europeen.eu\/index.php?rest_route=\/wp\/v2\/posts\/11640\/revisions\/11642"}],"wp:featuredmedia":[{"embeddable":true,"href":"http:\/\/livre-europeen.eu\/index.php?rest_route=\/wp\/v2\/media\/11677"}],"wp:attachment":[{"href":"http:\/\/livre-europeen.eu\/index.php?rest_route=%2Fwp%2Fv2%2Fmedia&parent=11640"}],"wp:term":[{"taxonomy":"category","embeddable":true,"href":"http:\/\/livre-europeen.eu\/index.php?rest_route=%2Fwp%2Fv2%2Fcategories&post=11640"},{"taxonomy":"post_tag","embeddable":true,"href":"http:\/\/livre-europeen.eu\/index.php?rest_route=%2Fwp%2Fv2%2Ftags&post=11640"},{"taxonomy":"genre","embeddable":true,"href":"http:\/\/livre-europeen.eu\/index.php?rest_route=%2Fwp%2Fv2%2Fgenre&post=11640"},{"taxonomy":"annees","embeddable":true,"href":"http:\/\/livre-europeen.eu\/index.php?rest_route=%2Fwp%2Fv2%2Fannees&post=11640"}],"curies":[{"name":"wp","href":"https:\/\/api.w.org\/{rel}","templated":true}]}}